{"id":6589,"date":"2009-02-07T21:42:00","date_gmt":"2009-02-07T20:42:00","guid":{"rendered":"http:\/\/www.andreas-edler.de\/blog\/2009\/02\/raser\/"},"modified":"2009-02-07T21:42:00","modified_gmt":"2009-02-07T20:42:00","slug":"raser","status":"publish","type":"post","link":"https:\/\/www.andreas-edler.de\/blog\/2009\/02\/raser\/","title":{"rendered":"Raser"},"content":{"rendered":"<p>Wo der Herr Wittke als Verkehrsminister seine Vorbildfunktion wahrgenommen hat, jaulen jetzt nat\u00fcrlich alle Abzockopfer auf. Alle die von mutwillig aufgestellten Blitzen heimt\u00fcckisch erwischt wurden. Alle die von klammen Kommunen zur Aufbesserung des S\u00e4ckels herangezogen werden. Alle die sich doch extra den Wagen mit Kompressor und den breiten Reifen gekauft haben, damit sie in der Kurve eine bessere Stra\u00dfenlage haben. Diejenigen, die ihre Autos auch schon mal im Kirchendachstuhl parken und die Sender mit den Hits der 80er, 90er und von Heute mit den tollen Blitzerwarnungen h\u00f6ren.<\/p>\n<p>Was denken sich diese Stoffel eigentlich? Ich fahre sehr gerne Auto und ich fahre auch durchaus gerne z\u00fcgig. Dort wo es erlaubt ist und es m\u00f6glich ist und nicht schneller als zul\u00e4ssig. Ich habe *\u00fcberhaupt* keine Angst vor Blitzern oder Starenk\u00e4sten. Und wenn ich dann mal geblitzt werde &#8211; was ich nicht ausschlie\u00dfe, ich bin auch nur ein Mensch und \u00fcbersehe mal was &#8211; dann ist das meine Schuld! Ich habe was \u00fcbersehen oder mich bewusst nicht dran gehalten. Das ist keine Abzocke, sondern liegt in meiner Verantwortung.<\/p>\n<p>Und dazu mu\u00df ich dann stehen. Wenn nun ein Verkehrsminister mit einer Entschuldigung, die man ansonsten von der Polizei mit Ansage rechts und links um die Ohren gehauen bekommt, mehr als 100% zu schnell durch eine Ortschaft rast, dann ist da nix mehr mit Verantwortung. Dann hat man als Minister offensichtlich nicht verstanden, was seine Aufgabe ist und mu\u00df gehen.<\/p>\n","protected":false},"excerpt":{"rendered":"<p>Wo der Herr Wittke als Verkehrsminister seine Vorbildfunktion wahrgenommen hat, jaulen jetzt nat\u00fcrlich alle Abzockopfer auf. Alle die von mutwillig aufgestellten Blitzen heimt\u00fcckisch erwischt wurden. Alle die von klammen Kommunen zur Aufbesserung des S\u00e4ckels herangezogen werden. Alle die sich doch &hellip;<\/p>\n<p class=\"read-more\"> <a class=\"more-link\" href=\"https:\/\/www.andreas-edler.de\/blog\/2009\/02\/raser\/\"> <span class=\"screen-reader-text\">Raser<\/span> Weiterlesen &raquo;<\/a><\/p>\n","protected":false},"author":1,"featured_media":0,"comment_status":"open","ping_status":"open","sticky":false,"template":"","format":"standard","meta":{"ngg_post_thumbnail":0,"activitypub_content_warning":"","activitypub_content_visibility":"","activitypub_max_image_attachments":2,"activitypub_interaction_policy_quote":"anyone","activitypub_status":"","footnotes":""},"categories":[13],"tags":[37],"class_list":["post-6589","post","type-post","status-publish","format-standard","hentry","category-verkehr","tag-auto"],"share_on_mastodon":{"url":"","error":""},"_links":{"self":[{"href":"https:\/\/www.andreas-edler.de\/blog\/wp-json\/wp\/v2\/posts\/6589","targetHints":{"allow":["GET"]}}],"collection":[{"href":"https:\/\/www.andreas-edler.de\/blog\/wp-json\/wp\/v2\/posts"}],"about":[{"href":"https:\/\/www.andreas-edler.de\/blog\/wp-json\/wp\/v2\/types\/post"}],"author":[{"embeddable":true,"href":"https:\/\/www.andreas-edler.de\/blog\/wp-json\/wp\/v2\/users\/1"}],"replies":[{"embeddable":true,"href":"https:\/\/www.andreas-edler.de\/blog\/wp-json\/wp\/v2\/comments?post=6589"}],"version-history":[{"count":0,"href":"https:\/\/www.andreas-edler.de\/blog\/wp-json\/wp\/v2\/posts\/6589\/revisions"}],"wp:attachment":[{"href":"https:\/\/www.andreas-edler.de\/blog\/wp-json\/wp\/v2\/media?parent=6589"}],"wp:term":[{"taxonomy":"category","embeddable":true,"href":"https:\/\/www.andreas-edler.de\/blog\/wp-json\/wp\/v2\/categories?post=6589"},{"taxonomy":"post_tag","embeddable":true,"href":"https:\/\/www.andreas-edler.de\/blog\/wp-json\/wp\/v2\/tags?post=6589"}],"curies":[{"name":"wp","href":"https:\/\/api.w.org\/{rel}","templated":true}]}}