{"id":6580,"date":"2009-02-03T07:56:00","date_gmt":"2009-02-03T06:56:00","guid":{"rendered":"http:\/\/www.andreas-edler.de\/blog\/2009\/02\/verarscht\/"},"modified":"2009-02-03T07:56:00","modified_gmt":"2009-02-03T06:56:00","slug":"verarscht","status":"publish","type":"post","link":"https:\/\/www.andreas-edler.de\/blog\/2009\/02\/verarscht\/","title":{"rendered":"Verarscht"},"content":{"rendered":"<p>Ich glaube, mein Schwein pfeift. Als ich heute morgen die Zeitung las, klappte mir der Unterkiefer herunter: das kann doch wohl nicht sein, oder? <cite><b><a href=\"http:\/\/www.nw-news.de\/nw\/lokale_news\/bad_oeynhausen\/bad_oeynhausen\/?cnt=2822776\">Rasche r\u00fcckt nach und verl\u00e4sst die Gr\u00fcnen<\/a><\/b><br \/>&#8230; Allerdings wird Rasche nicht in den Reihen der Gr\u00fcnen sitzen, sondern sich zu der neu gegr\u00fcndeten Fraktion von Rainer Barg und Axel Nicke gesellen &#8230;<br \/>&#8230; Die Entscheidung treffe ihn nicht unerwartet, erkl\u00e4rte Dr. Volker Brand, Fraktionsvorsitzender der Gr\u00fcnen\/B\u00fcrgerform. &#8222;Nichts gegen Klaus Rasche&#8220;, so Brand, &#8222;aber ein Geschm\u00e4ckle bleibt bei diesem Fraktionswechsel schon.&#8220; &#8230;<\/cite> Kann man einfach so nach Lust und Laune &#8222;B\u00e4umchen wechsel&#8216; Dich&#8220; spielen? Da tritt jemand bei den Gr\u00fcnen aus, weil er deren Linie nicht mit tr\u00e4gt und es dann &#8211; korrekterweise! &#8211; nicht mit sich vereinbaren kann, denen einen Platz zu nehmen, und der Nachr\u00fccker hat die Dreistigkeit und macht genau das. Wie verquer mu\u00df man da im Kopf sein? Was glauben die eigentlich, wie lange man sich als B\u00fcrger noch veralbern l\u00e4sst?<\/p>\n<p>Wie r\u00fcckt man eigentlich nach? Haben die Gr\u00fcnen die Person vorgeschlagen? Geht es nach Stimmen bei der Wahl? <s>Wenn die Gr\u00fcnen Herrn Rasche vorgeschlagen haben und Herr Dr. Brand dann sagt, dass er sowas erwartet hat, dann ist das ein bodenlose Frechheit der Partei.<\/s> Wenn es eine Nachr\u00fcckerliste gibt, und Herr Rasche von dort nachger\u00fcckt ist, dann empfinde ich das von ihm als Frechheit.<\/p>\n<p>Die Nachr\u00fccker werden direkt nach der Wahl in einer Liste festgehalten, die dann der Reihe nach abgearbeitet wird. Soviel dazu und danke f\u00fcr diese Information, die mich die Personali\u00e4ten und Pers\u00f6nlichkeiten besser einsch\u00e4tzen l\u00e4sst. Unfassbar!<\/p>\n","protected":false},"excerpt":{"rendered":"<p>Ich glaube, mein Schwein pfeift. Als ich heute morgen die Zeitung las, klappte mir der Unterkiefer herunter: das kann doch wohl nicht sein, oder? Rasche r\u00fcckt nach und verl\u00e4sst die Gr\u00fcnen&#8230; Allerdings wird Rasche nicht in den Reihen der Gr\u00fcnen &hellip;<\/p>\n<p class=\"read-more\"> <a class=\"more-link\" href=\"https:\/\/www.andreas-edler.de\/blog\/2009\/02\/verarscht\/\"> <span class=\"screen-reader-text\">Verarscht<\/span> Weiterlesen &raquo;<\/a><\/p>\n","protected":false},"author":1,"featured_media":0,"comment_status":"open","ping_status":"open","sticky":false,"template":"","format":"standard","meta":{"ngg_post_thumbnail":0,"activitypub_content_warning":"","activitypub_content_visibility":"","activitypub_max_image_attachments":2,"activitypub_interaction_policy_quote":"anyone","activitypub_status":"","footnotes":""},"categories":[14,18,45],"tags":[],"class_list":["post-6580","post","type-post","status-publish","format-standard","hentry","category-bad-oeynhausen","category-fraglich","category-politik"],"share_on_mastodon":{"url":"","error":""},"_links":{"self":[{"href":"https:\/\/www.andreas-edler.de\/blog\/wp-json\/wp\/v2\/posts\/6580","targetHints":{"allow":["GET"]}}],"collection":[{"href":"https:\/\/www.andreas-edler.de\/blog\/wp-json\/wp\/v2\/posts"}],"about":[{"href":"https:\/\/www.andreas-edler.de\/blog\/wp-json\/wp\/v2\/types\/post"}],"author":[{"embeddable":true,"href":"https:\/\/www.andreas-edler.de\/blog\/wp-json\/wp\/v2\/users\/1"}],"replies":[{"embeddable":true,"href":"https:\/\/www.andreas-edler.de\/blog\/wp-json\/wp\/v2\/comments?post=6580"}],"version-history":[{"count":0,"href":"https:\/\/www.andreas-edler.de\/blog\/wp-json\/wp\/v2\/posts\/6580\/revisions"}],"wp:attachment":[{"href":"https:\/\/www.andreas-edler.de\/blog\/wp-json\/wp\/v2\/media?parent=6580"}],"wp:term":[{"taxonomy":"category","embeddable":true,"href":"https:\/\/www.andreas-edler.de\/blog\/wp-json\/wp\/v2\/categories?post=6580"},{"taxonomy":"post_tag","embeddable":true,"href":"https:\/\/www.andreas-edler.de\/blog\/wp-json\/wp\/v2\/tags?post=6580"}],"curies":[{"name":"wp","href":"https:\/\/api.w.org\/{rel}","templated":true}]}}