{"id":6564,"date":"2009-01-24T18:28:00","date_gmt":"2009-01-24T17:28:00","guid":{"rendered":"http:\/\/www.andreas-edler.de\/blog\/2009\/01\/rumgedrommelt\/"},"modified":"2013-11-02T15:06:24","modified_gmt":"2013-11-02T14:06:24","slug":"rumgedrommelt","status":"publish","type":"post","link":"https:\/\/www.andreas-edler.de\/blog\/2009\/01\/rumgedrommelt\/","title":{"rendered":"Rumgedr\u00f6mmelt"},"content":{"rendered":"<p>Heute war bzw. ist irgendwie nichts los mit uns. Bei meinen Eltern lagern noch zwei gro\u00df Anh\u00e4nger voll Holz, aber weder mein Vater noch ich hatten so Recht Lust, das von a nach b zu bewegen. Einen neuen <a href=\"http:\/\/www.andreas-edler.de\/kaminholzunterstand.php\">Kaminholzunterstand<\/a> wollte ich auch nicht bauen &#8211; zu na\u00df und kalt drau\u00dfen. War nur im Praktiker um Ersatz f\u00fcr eine defekte Neonr\u00f6hre im Keller zu holen, die dann aber prompt auch nicht leuchtete. Der Starter ist es nicht. Hm, Mist.<\/p>\n<p>Dann habe ich wenigstens endlich die Verkabelung zur neuen Werkbank fertig gemacht. Die habe ich an einer noch freien Wand im Keller an die Wand ged\u00fcbelt. In einer f\u00fcr mich passenden H\u00f6he, so dass ich im Stehen bequem daran arbeiten kann. Mu\u00df ja nicht immer &#8217;nen krummen Buckel machen.<\/p>\n<p>Und weil ich so unzufrieden mit meinem Bauch bin, habe ich die Rolle im Keller g\u00e4ngig gemacht und bin ein bi\u00dfchen mit dem Rad im Keller gefahren. Habe ich ewig nicht gemacht und war anfangs ganz sch\u00f6n wackelig &#8211; h\u00e4tte mich fast abgelegt. Nach 10 Minuten war&#8217;s aber in Ordung. Nur macht das Gestrampel auf der Stelle \u00fc.b.e.r.h.a.u.p.t. keinen Spa\u00df :-\/ Es soll endlich Fr\u00fchling werden! <\/p>\n<p style=\"text-align:center;\"><img decoding=\"async\" src=\"http:\/\/www.andreas-edler.de\/grafik\/blog_2009\/20090124_werkbank.jpg\" width=\"470\" border=\"0\" alt=\"\"><\/p>\n","protected":false},"excerpt":{"rendered":"<p>Heute war bzw. ist irgendwie nichts los mit uns. Bei meinen Eltern lagern noch zwei gro\u00df Anh\u00e4nger voll Holz, aber weder mein Vater noch ich hatten so Recht Lust, das von a nach b zu bewegen. Einen neuen Kaminholzunterstand wollte &hellip;<\/p>\n<p class=\"read-more\"> <a class=\"more-link\" href=\"https:\/\/www.andreas-edler.de\/blog\/2009\/01\/rumgedrommelt\/\"> <span class=\"screen-reader-text\">Rumgedr\u00f6mmelt<\/span> Weiterlesen &raquo;<\/a><\/p>\n","protected":false},"author":1,"featured_media":0,"comment_status":"open","ping_status":"open","sticky":false,"template":"","format":"standard","meta":{"ngg_post_thumbnail":0,"activitypub_content_warning":"","activitypub_content_visibility":"","activitypub_max_image_attachments":2,"activitypub_interaction_policy_quote":"anyone","activitypub_status":"","footnotes":""},"categories":[1],"tags":[8,19],"class_list":["post-6564","post","type-post","status-publish","format-standard","hentry","category-allgemein","tag-klottenkram","tag-tagesgeschehen"],"share_on_mastodon":{"url":"","error":""},"_links":{"self":[{"href":"https:\/\/www.andreas-edler.de\/blog\/wp-json\/wp\/v2\/posts\/6564","targetHints":{"allow":["GET"]}}],"collection":[{"href":"https:\/\/www.andreas-edler.de\/blog\/wp-json\/wp\/v2\/posts"}],"about":[{"href":"https:\/\/www.andreas-edler.de\/blog\/wp-json\/wp\/v2\/types\/post"}],"author":[{"embeddable":true,"href":"https:\/\/www.andreas-edler.de\/blog\/wp-json\/wp\/v2\/users\/1"}],"replies":[{"embeddable":true,"href":"https:\/\/www.andreas-edler.de\/blog\/wp-json\/wp\/v2\/comments?post=6564"}],"version-history":[{"count":0,"href":"https:\/\/www.andreas-edler.de\/blog\/wp-json\/wp\/v2\/posts\/6564\/revisions"}],"wp:attachment":[{"href":"https:\/\/www.andreas-edler.de\/blog\/wp-json\/wp\/v2\/media?parent=6564"}],"wp:term":[{"taxonomy":"category","embeddable":true,"href":"https:\/\/www.andreas-edler.de\/blog\/wp-json\/wp\/v2\/categories?post=6564"},{"taxonomy":"post_tag","embeddable":true,"href":"https:\/\/www.andreas-edler.de\/blog\/wp-json\/wp\/v2\/tags?post=6564"}],"curies":[{"name":"wp","href":"https:\/\/api.w.org\/{rel}","templated":true}]}}