{"id":6556,"date":"2009-01-18T13:11:00","date_gmt":"2009-01-18T12:11:00","guid":{"rendered":"http:\/\/www.andreas-edler.de\/blog\/2009\/01\/verletzt-sich-leicht\/"},"modified":"2009-01-18T13:11:00","modified_gmt":"2009-01-18T12:11:00","slug":"verletzt-sich-leicht","status":"publish","type":"post","link":"https:\/\/www.andreas-edler.de\/blog\/2009\/01\/verletzt-sich-leicht\/","title":{"rendered":"Verletzt SICH leicht?"},"content":{"rendered":"<p><cite><b><a href=\"http:\/\/www.presseportal.de\/polizeipresse\/pm\/43553\/1336838\/polizei_minden_luebbecke\/rss\">L\u00fcbbecke \/ Radfahrer verletzt sich nur leicht<\/a><\/b><br \/>Glimpflich davon kam am fr\u00fchen Samstag Abend ein 41j\u00e4hriger L\u00fcbbecker, der mit seinem Fahrrad auf der Osnabr\u00fccker Stra\u00dfe in Richtung Blasheim unterwegs war. In H\u00f6he der Parkplatzeinfahrt zum Takko-Markt wurde der Mann von einem Pkw erfasst und kam zu Fall. Dabei verletzte er sich zum Gl\u00fcck nur leicht. Der Fahrer des Renault kam mit dem Schrecken davon, an seinem Wagen entstand nur leichter Sachschaden.<\/cite> \u00c4h, der Radfahrer verletzte sich? Das liest sich eher so, als wenn er verletzt wurde. Immerhin fuhr er auf der Stra\u00dfe und wurde dann gerammt. &#8222;PKW erfasst Radfahrer und verletzt ihn dabei leicht&#8220; w\u00e4re wohl die angemessenere \u00dcberschrift.<\/p>\n<p>Aber so ist sie halt, die Berichterstattung der Polizei.<\/p>\n<p>Edith sagt: Ja, der Kommentator hatte Recht, dass hier eine Vorfahrtsmi\u00dfachtung vorliegen k\u00f6nnte, war eine Vermutung. Da mu\u00df ich dann auch mal zugestehen, etwas \u00fcber&#8217;s Ziel hinausgeschossen zu sein. Allerdings dr\u00e4ngt sich mir diese Vermutung aufgrund der Beschreibung auf.<\/p>\n<p>Und selbst wenn nicht, wie erfasst man einfach so einen Radfahrer? Jedenfalls hat er sich nicht selbst verletzt!<\/p>\n","protected":false},"excerpt":{"rendered":"<p>L\u00fcbbecke \/ Radfahrer verletzt sich nur leichtGlimpflich davon kam am fr\u00fchen Samstag Abend ein 41j\u00e4hriger L\u00fcbbecker, der mit seinem Fahrrad auf der Osnabr\u00fccker Stra\u00dfe in Richtung Blasheim unterwegs war. In H\u00f6he der Parkplatzeinfahrt zum Takko-Markt wurde der Mann von einem &hellip;<\/p>\n<p class=\"read-more\"> <a class=\"more-link\" href=\"https:\/\/www.andreas-edler.de\/blog\/2009\/01\/verletzt-sich-leicht\/\"> <span class=\"screen-reader-text\">Verletzt SICH leicht?<\/span> Weiterlesen &raquo;<\/a><\/p>\n","protected":false},"author":1,"featured_media":0,"comment_status":"open","ping_status":"open","sticky":false,"template":"","format":"standard","meta":{"ngg_post_thumbnail":0,"activitypub_content_warning":"","activitypub_content_visibility":"","activitypub_max_image_attachments":2,"activitypub_interaction_policy_quote":"anyone","activitypub_status":"","footnotes":""},"categories":[15,13],"tags":[],"class_list":["post-6556","post","type-post","status-publish","format-standard","hentry","category-fahrrad","category-verkehr"],"share_on_mastodon":{"url":"","error":""},"_links":{"self":[{"href":"https:\/\/www.andreas-edler.de\/blog\/wp-json\/wp\/v2\/posts\/6556","targetHints":{"allow":["GET"]}}],"collection":[{"href":"https:\/\/www.andreas-edler.de\/blog\/wp-json\/wp\/v2\/posts"}],"about":[{"href":"https:\/\/www.andreas-edler.de\/blog\/wp-json\/wp\/v2\/types\/post"}],"author":[{"embeddable":true,"href":"https:\/\/www.andreas-edler.de\/blog\/wp-json\/wp\/v2\/users\/1"}],"replies":[{"embeddable":true,"href":"https:\/\/www.andreas-edler.de\/blog\/wp-json\/wp\/v2\/comments?post=6556"}],"version-history":[{"count":0,"href":"https:\/\/www.andreas-edler.de\/blog\/wp-json\/wp\/v2\/posts\/6556\/revisions"}],"wp:attachment":[{"href":"https:\/\/www.andreas-edler.de\/blog\/wp-json\/wp\/v2\/media?parent=6556"}],"wp:term":[{"taxonomy":"category","embeddable":true,"href":"https:\/\/www.andreas-edler.de\/blog\/wp-json\/wp\/v2\/categories?post=6556"},{"taxonomy":"post_tag","embeddable":true,"href":"https:\/\/www.andreas-edler.de\/blog\/wp-json\/wp\/v2\/tags?post=6556"}],"curies":[{"name":"wp","href":"https:\/\/api.w.org\/{rel}","templated":true}]}}