{"id":6554,"date":"2009-01-17T14:47:00","date_gmt":"2009-01-17T13:47:00","guid":{"rendered":"http:\/\/www.andreas-edler.de\/blog\/2009\/01\/holz\/"},"modified":"2013-11-02T15:06:25","modified_gmt":"2013-11-02T14:06:25","slug":"holz","status":"publish","type":"post","link":"https:\/\/www.andreas-edler.de\/blog\/2009\/01\/holz\/","title":{"rendered":"Holz"},"content":{"rendered":"<p>Der n\u00e4chste Winter kann kommen. Naja, vielleicht nicht der n\u00e4chste, weil das Holz ja schon eine Weile lagern mu\u00df, bevor man es verheizen kann. Aber f\u00fcr ein paar Wochen reicht der Baum, der hier schon portioniert zu sehen ist. Gehackt habe ich diesmal nicht &#8211; obwohl ich das ganz gerne mache. Man lie\u00df mir aber keine Gelegenheit dazu ;-) Mal schauen, wo ich das stapel. Mu\u00df mir wohl noch einen <a href=\"http:\/\/www.andreas-edler.de\/kaminholzunterstand.php\">Kaminholzunterstand<\/a> bauen. <\/p>\n<p style=\"text-align:center;\"><img decoding=\"async\" src=\"http:\/\/www.andreas-edler.de\/grafik\/blog_2009\/20090117_holz.jpg\" width=\"470\" border=\"0\" alt=\"\"><\/p>\n","protected":false},"excerpt":{"rendered":"<p>Der n\u00e4chste Winter kann kommen. Naja, vielleicht nicht der n\u00e4chste, weil das Holz ja schon eine Weile lagern mu\u00df, bevor man es verheizen kann. Aber f\u00fcr ein paar Wochen reicht der Baum, der hier schon portioniert zu sehen ist. Gehackt &hellip;<\/p>\n<p class=\"read-more\"> <a class=\"more-link\" href=\"https:\/\/www.andreas-edler.de\/blog\/2009\/01\/holz\/\"> <span class=\"screen-reader-text\">Holz<\/span> Weiterlesen &raquo;<\/a><\/p>\n","protected":false},"author":1,"featured_media":0,"comment_status":"open","ping_status":"open","sticky":false,"template":"","format":"standard","meta":{"ngg_post_thumbnail":0,"activitypub_content_warning":"","activitypub_content_visibility":"","activitypub_max_image_attachments":2,"activitypub_interaction_policy_quote":"anyone","activitypub_status":"","footnotes":""},"categories":[1],"tags":[48,31,38],"class_list":["post-6554","post","type-post","status-publish","format-standard","hentry","category-allgemein","tag-arbeit","tag-garten","tag-haus"],"share_on_mastodon":{"url":"","error":""},"_links":{"self":[{"href":"https:\/\/www.andreas-edler.de\/blog\/wp-json\/wp\/v2\/posts\/6554","targetHints":{"allow":["GET"]}}],"collection":[{"href":"https:\/\/www.andreas-edler.de\/blog\/wp-json\/wp\/v2\/posts"}],"about":[{"href":"https:\/\/www.andreas-edler.de\/blog\/wp-json\/wp\/v2\/types\/post"}],"author":[{"embeddable":true,"href":"https:\/\/www.andreas-edler.de\/blog\/wp-json\/wp\/v2\/users\/1"}],"replies":[{"embeddable":true,"href":"https:\/\/www.andreas-edler.de\/blog\/wp-json\/wp\/v2\/comments?post=6554"}],"version-history":[{"count":0,"href":"https:\/\/www.andreas-edler.de\/blog\/wp-json\/wp\/v2\/posts\/6554\/revisions"}],"wp:attachment":[{"href":"https:\/\/www.andreas-edler.de\/blog\/wp-json\/wp\/v2\/media?parent=6554"}],"wp:term":[{"taxonomy":"category","embeddable":true,"href":"https:\/\/www.andreas-edler.de\/blog\/wp-json\/wp\/v2\/categories?post=6554"},{"taxonomy":"post_tag","embeddable":true,"href":"https:\/\/www.andreas-edler.de\/blog\/wp-json\/wp\/v2\/tags?post=6554"}],"curies":[{"name":"wp","href":"https:\/\/api.w.org\/{rel}","templated":true}]}}