{"id":6536,"date":"2009-01-03T20:38:00","date_gmt":"2009-01-03T19:38:00","guid":{"rendered":"http:\/\/www.andreas-edler.de\/blog\/2009\/01\/umzug-raus-aus-bielefeld\/"},"modified":"2013-11-02T15:06:26","modified_gmt":"2013-11-02T14:06:26","slug":"umzug-raus-aus-bielefeld","status":"publish","type":"post","link":"https:\/\/www.andreas-edler.de\/blog\/2009\/01\/umzug-raus-aus-bielefeld\/","title":{"rendered":"Umzug &#8211; raus aus Bielefeld"},"content":{"rendered":"<p>Heute morgen habe ich einem meiner besten Freunde beim Umzug geholfen. Raus auf&#8217;s Land kurz vor Leopoldsh\u00f6he. Ruhiger ist es jetzt garantiert, aber die alte Aussicht war auch nicht zu verachten &#8230; und ich glaube ganz sicher, dass die vermisst werden wird ;-) <\/p>\n<p style=\"text-align:center;\"><img decoding=\"async\" src=\"http:\/\/www.andreas-edler.de\/grafik\/blog_2009\/20090103_blick_ueber_bielefeld.jpg\" width=\"470\" border=\"0\" alt=\"\"><\/p>\n<p> Es war \u00fcbrigens rattenkalt, als wir die ganzen M\u00f6bel aus dem dritten Stock runter getragen und im Mietbulli gestapelt haben. Gef\u00fchlte -15\u00b0C &#8230; meine Herren. Und n\u00e4chste Woche soll es noch k\u00e4lter werden.<\/p>\n","protected":false},"excerpt":{"rendered":"<p>Heute morgen habe ich einem meiner besten Freunde beim Umzug geholfen. Raus auf&#8217;s Land kurz vor Leopoldsh\u00f6he. Ruhiger ist es jetzt garantiert, aber die alte Aussicht war auch nicht zu verachten &#8230; und ich glaube ganz sicher, dass die vermisst &hellip;<\/p>\n<p class=\"read-more\"> <a class=\"more-link\" href=\"https:\/\/www.andreas-edler.de\/blog\/2009\/01\/umzug-raus-aus-bielefeld\/\"> <span class=\"screen-reader-text\">Umzug &#8211; raus aus Bielefeld<\/span> Weiterlesen &raquo;<\/a><\/p>\n","protected":false},"author":1,"featured_media":0,"comment_status":"open","ping_status":"open","sticky":false,"template":"","format":"standard","meta":{"ngg_post_thumbnail":0,"activitypub_content_warning":"","activitypub_content_visibility":"","activitypub_max_image_attachments":2,"activitypub_interaction_policy_quote":"anyone","activitypub_status":"","footnotes":""},"categories":[1],"tags":[50,5,53],"class_list":["post-6536","post","type-post","status-publish","format-standard","hentry","category-allgemein","tag-helfen","tag-unterwegs","tag-wetter"],"share_on_mastodon":{"url":"","error":""},"_links":{"self":[{"href":"https:\/\/www.andreas-edler.de\/blog\/wp-json\/wp\/v2\/posts\/6536","targetHints":{"allow":["GET"]}}],"collection":[{"href":"https:\/\/www.andreas-edler.de\/blog\/wp-json\/wp\/v2\/posts"}],"about":[{"href":"https:\/\/www.andreas-edler.de\/blog\/wp-json\/wp\/v2\/types\/post"}],"author":[{"embeddable":true,"href":"https:\/\/www.andreas-edler.de\/blog\/wp-json\/wp\/v2\/users\/1"}],"replies":[{"embeddable":true,"href":"https:\/\/www.andreas-edler.de\/blog\/wp-json\/wp\/v2\/comments?post=6536"}],"version-history":[{"count":0,"href":"https:\/\/www.andreas-edler.de\/blog\/wp-json\/wp\/v2\/posts\/6536\/revisions"}],"wp:attachment":[{"href":"https:\/\/www.andreas-edler.de\/blog\/wp-json\/wp\/v2\/media?parent=6536"}],"wp:term":[{"taxonomy":"category","embeddable":true,"href":"https:\/\/www.andreas-edler.de\/blog\/wp-json\/wp\/v2\/categories?post=6536"},{"taxonomy":"post_tag","embeddable":true,"href":"https:\/\/www.andreas-edler.de\/blog\/wp-json\/wp\/v2\/tags?post=6536"}],"curies":[{"name":"wp","href":"https:\/\/api.w.org\/{rel}","templated":true}]}}