{"id":6530,"date":"2008-12-29T18:37:00","date_gmt":"2008-12-29T17:37:00","guid":{"rendered":"http:\/\/www.andreas-edler.de\/blog\/2008\/12\/eisekalt-am-wald\/"},"modified":"2013-11-02T15:06:26","modified_gmt":"2013-11-02T14:06:26","slug":"eisekalt-am-wald","status":"publish","type":"post","link":"https:\/\/www.andreas-edler.de\/blog\/2008\/12\/eisekalt-am-wald\/","title":{"rendered":"Eisekalt am Wald"},"content":{"rendered":"<p>Zwischen Weihnachten und Neujahr das erste Mal seit \u00c4onen frei. Tim auch &#8230; kann man prima einen Jungstag machen. Und wir haben ganz gro\u00dfe Jungs gemacht und sind zu Opa gefahren. Denn im Winter ist der Boden gefrorern und dann kann man in den Wald gehen und &#8222;Holz machen&#8220;. F\u00fcr diesen und n\u00e4chsten Winter reicht&#8217;s bei uns noch. Danach brauchen wir aber dringend Nachschub. Da bot sich der windschiefe Baum, der sich seines Laubes immer so penetrant auf die Wiese entledigte geradezu an. <\/p>\n<p style=\"text-align:center;\"><img decoding=\"async\" src=\"http:\/\/www.andreas-edler.de\/grafik\/blog_2008\/20081229_halber_baum.jpg\" width=\"470\" border=\"0\" alt=\"\"><\/p>\n<p> Hat sich auch nicht gewehrt. Zwei Schnitte und horizontal lag das Holz. Dann noch h\u00fcbsch portionieren,  in handlichere St\u00fccke s\u00e4gen und ab auf den H\u00e4nger. Wobei &#8222;handlich&#8220; so eine Sache ist. Mein Vater meinte, dass die gro\u00dfen Bunken gut einen Zentner gewogen h\u00e4tten. Und so f\u00fchlt sich mein Nacken jetzt auch an. <\/p>\n<p style=\"text-align:center;\"><img decoding=\"async\" src=\"http:\/\/www.andreas-edler.de\/grafik\/blog_2008\/20081229_opa_saegt.jpg\" width=\"470\" border=\"0\" alt=\"\"><\/p>\n<p> Und der Frau habe ich auch eine Kleinigkeit mitgebracht. Konnte ich mich doch nicht dran erinnern, dass das ausgerechnet unser Baum war. Ist ja nun schon auch ein paar J\u00e4hrchen her &#8230; <\/p>\n<p style=\"text-align:center;\"><img decoding=\"async\" src=\"http:\/\/www.andreas-edler.de\/grafik\/blog_2008\/20081229_a_und_a.jpg\" width=\"470\" border=\"0\" alt=\"\"><\/p>\n<p> Wie kann man eigentlich so ein St\u00fcck Rinde dauerhaft konservieren?<\/p>\n","protected":false},"excerpt":{"rendered":"<p>Zwischen Weihnachten und Neujahr das erste Mal seit \u00c4onen frei. Tim auch &#8230; kann man prima einen Jungstag machen. Und wir haben ganz gro\u00dfe Jungs gemacht und sind zu Opa gefahren. Denn im Winter ist der Boden gefrorern und dann &hellip;<\/p>\n<p class=\"read-more\"> <a class=\"more-link\" href=\"https:\/\/www.andreas-edler.de\/blog\/2008\/12\/eisekalt-am-wald\/\"> <span class=\"screen-reader-text\">Eisekalt am Wald<\/span> Weiterlesen &raquo;<\/a><\/p>\n","protected":false},"author":1,"featured_media":0,"comment_status":"open","ping_status":"open","sticky":false,"template":"","format":"standard","meta":{"ngg_post_thumbnail":0,"activitypub_content_warning":"","activitypub_content_visibility":"","activitypub_max_image_attachments":2,"activitypub_interaction_policy_quote":"anyone","activitypub_status":"","footnotes":""},"categories":[1],"tags":[48,31,38,20],"class_list":["post-6530","post","type-post","status-publish","format-standard","hentry","category-allgemein","tag-arbeit","tag-garten","tag-haus","tag-stihl"],"share_on_mastodon":{"url":"","error":""},"_links":{"self":[{"href":"https:\/\/www.andreas-edler.de\/blog\/wp-json\/wp\/v2\/posts\/6530","targetHints":{"allow":["GET"]}}],"collection":[{"href":"https:\/\/www.andreas-edler.de\/blog\/wp-json\/wp\/v2\/posts"}],"about":[{"href":"https:\/\/www.andreas-edler.de\/blog\/wp-json\/wp\/v2\/types\/post"}],"author":[{"embeddable":true,"href":"https:\/\/www.andreas-edler.de\/blog\/wp-json\/wp\/v2\/users\/1"}],"replies":[{"embeddable":true,"href":"https:\/\/www.andreas-edler.de\/blog\/wp-json\/wp\/v2\/comments?post=6530"}],"version-history":[{"count":0,"href":"https:\/\/www.andreas-edler.de\/blog\/wp-json\/wp\/v2\/posts\/6530\/revisions"}],"wp:attachment":[{"href":"https:\/\/www.andreas-edler.de\/blog\/wp-json\/wp\/v2\/media?parent=6530"}],"wp:term":[{"taxonomy":"category","embeddable":true,"href":"https:\/\/www.andreas-edler.de\/blog\/wp-json\/wp\/v2\/categories?post=6530"},{"taxonomy":"post_tag","embeddable":true,"href":"https:\/\/www.andreas-edler.de\/blog\/wp-json\/wp\/v2\/tags?post=6530"}],"curies":[{"name":"wp","href":"https:\/\/api.w.org\/{rel}","templated":true}]}}