{"id":6468,"date":"2008-11-24T20:52:00","date_gmt":"2008-11-24T19:52:00","guid":{"rendered":"http:\/\/www.andreas-edler.de\/blog\/2008\/11\/ein-dach-uber-dem-kopf\/"},"modified":"2008-11-24T20:52:00","modified_gmt":"2008-11-24T19:52:00","slug":"ein-dach-uber-dem-kopf","status":"publish","type":"post","link":"https:\/\/www.andreas-edler.de\/blog\/2008\/11\/ein-dach-uber-dem-kopf\/","title":{"rendered":"Ein Dach \u00fcber dem Kopf"},"content":{"rendered":"<p>Opa hat wieder gebastelt! Und passend zur kaltem Jahreszeit gab&#8217;s ein Futterh\u00e4uschen f\u00fcr unsere zu Hause gebliebenen gefiederten Freunde. Tim (und wie auch) sind ganz begeistert. Wurde geliefert und inkl. allem Zubeh\u00f6r aufgebaut. Vielen Dank! Morgen kaufen wir dann mal Futter f\u00fcr den Vorratsbeh\u00e4lter und ein paar Futterkugeln! <\/p>\n<p style=\"text-align:center;\"><img decoding=\"async\" src=\"http:\/\/www.andreas-edler.de\/grafik\/blog_2008\/20081124_vogelhaus.jpg\" width=\"470\" border=\"0\" alt=\"\"><\/p>\n","protected":false},"excerpt":{"rendered":"<p>Opa hat wieder gebastelt! Und passend zur kaltem Jahreszeit gab&#8217;s ein Futterh\u00e4uschen f\u00fcr unsere zu Hause gebliebenen gefiederten Freunde. Tim (und wie auch) sind ganz begeistert. Wurde geliefert und inkl. allem Zubeh\u00f6r aufgebaut. Vielen Dank! Morgen kaufen wir dann mal &hellip;<\/p>\n<p class=\"read-more\"> <a class=\"more-link\" href=\"https:\/\/www.andreas-edler.de\/blog\/2008\/11\/ein-dach-uber-dem-kopf\/\"> <span class=\"screen-reader-text\">Ein Dach \u00fcber dem Kopf<\/span> Weiterlesen &raquo;<\/a><\/p>\n","protected":false},"author":1,"featured_media":0,"comment_status":"open","ping_status":"open","sticky":false,"template":"","format":"standard","meta":{"ngg_post_thumbnail":0,"activitypub_content_warning":"","activitypub_content_visibility":"","activitypub_max_image_attachments":2,"activitypub_interaction_policy_quote":"anyone","activitypub_status":"","footnotes":""},"categories":[22],"tags":[31],"class_list":["post-6468","post","type-post","status-publish","format-standard","hentry","category-basteln","tag-garten"],"share_on_mastodon":{"url":"","error":""},"_links":{"self":[{"href":"https:\/\/www.andreas-edler.de\/blog\/wp-json\/wp\/v2\/posts\/6468","targetHints":{"allow":["GET"]}}],"collection":[{"href":"https:\/\/www.andreas-edler.de\/blog\/wp-json\/wp\/v2\/posts"}],"about":[{"href":"https:\/\/www.andreas-edler.de\/blog\/wp-json\/wp\/v2\/types\/post"}],"author":[{"embeddable":true,"href":"https:\/\/www.andreas-edler.de\/blog\/wp-json\/wp\/v2\/users\/1"}],"replies":[{"embeddable":true,"href":"https:\/\/www.andreas-edler.de\/blog\/wp-json\/wp\/v2\/comments?post=6468"}],"version-history":[{"count":0,"href":"https:\/\/www.andreas-edler.de\/blog\/wp-json\/wp\/v2\/posts\/6468\/revisions"}],"wp:attachment":[{"href":"https:\/\/www.andreas-edler.de\/blog\/wp-json\/wp\/v2\/media?parent=6468"}],"wp:term":[{"taxonomy":"category","embeddable":true,"href":"https:\/\/www.andreas-edler.de\/blog\/wp-json\/wp\/v2\/categories?post=6468"},{"taxonomy":"post_tag","embeddable":true,"href":"https:\/\/www.andreas-edler.de\/blog\/wp-json\/wp\/v2\/tags?post=6468"}],"curies":[{"name":"wp","href":"https:\/\/api.w.org\/{rel}","templated":true}]}}