{"id":6465,"date":"2008-11-23T20:22:00","date_gmt":"2008-11-23T19:22:00","guid":{"rendered":"http:\/\/www.andreas-edler.de\/blog\/2008\/11\/naskalt\/"},"modified":"2020-10-12T17:03:55","modified_gmt":"2020-10-12T15:03:55","slug":"naskalt","status":"publish","type":"post","link":"https:\/\/www.andreas-edler.de\/blog\/2008\/11\/naskalt\/","title":{"rendered":"Na\u00dfkalt"},"content":{"rendered":"<p>Drau\u00dfen sah&#8217;s richtig ungem\u00fctlich aus. Na\u00df, kalt, windig &#8211; aber ich bin schon ewig nicht auf dem Rad gewesen und es n\u00fctzt ja nix. Also widerwillig in die engen Klamotten gezw\u00e4ngt und los. Ich wollte ein paar Stellen abfahren und Fotos machen. Z.B. von der <a href=\"http:\/\/www.andreas-edler.de\/rad_bad_oeynhausen_hermann_loens.php#20081123\">Hermann-L\u00f6ns-Stra\u00dfe<\/a>, an der aufgrund von Bauma\u00dfnahmen ein Teil der unseligen Markierungn nun weg sind. Leider immer noch nicht alle, die Gr\u00fcnde daf\u00fcr sind unter dem Link zu finden.<\/p>\n<p>Dann fuhr ich weiter zur <a href=\"http:\/\/www.andreas-edler.de\/rad_bad_oeynhausen_zeppelinstrasse_westkorso.php#20081123\">Zeppelinstra\u00dfe<\/a>. Ich habe bei <a href=\"http:\/\/www.rad-oeynhausen.de\/html\/fahrradfreundliche_stadt.html\">Ulrich Wehmeier<\/a> gelesen, dass sich dort die Regelung f\u00fcr die Vorfahrtstra\u00dfe ge\u00e4ndert hat. Naja, wir wollen ja fahrradfreundlich werden. Da macht es Sinn, wenn man <a href=\"http:\/\/www.andreas-edler.de\/rad_bad_oeynhausen_zeppelinstrasse_westkorso.php#20081123\">den Radlern die M\u00f6glichkeiten einschr\u00e4nkt<\/a>. Sehe ich nat\u00fcrlich ein!<\/p>\n<p>Und dann wollte ich mir noch die <a href=\"http:\/\/www.andreas-edler.de\/rad_bad_oeynhausen_halsterner_strasse.php\">Halsterner Stra\u00dfe<\/a>  ansehen. Der dortige neue Abschnitt f\u00fcr Fu\u00dfg\u00e4nger und Radler ist wohl nicht benutzungspflichtig ausgeschildert worden. Ist auch tats\u00e4chlich so, klasse!<\/p>\n<p>Auf dem Weg dorthin bin ich mal wieder die <a href=\"http:\/\/www.andreas-edler.de\/rad_bad_oeynhausen_brueckenstrasse.php\">Br\u00fcckenstra\u00dfe<\/a> gefahren, an der man auch sch\u00f6n sehen kann, wie Wege aussehen um die sich niemand k\u00fcmmert. Zur\u00fcck ging&#8216; quer durch die Walachei und dann die Eidinghausener runter. Trotz Handschuhen hatte ich ganz sch\u00f6n kalte Finger. War echt ungem\u00fctlich. Da ist mir so ein knackiger Frost lieber, als so eine feuchte K\u00fchle.<\/p>\n<p>24,3 Km | 21,5 Km\/h Schnitt | 43,4 Km\/h max. | 174 H\u00f6henmeter | 2\u00b0C (arschkalt) <\/p>\n<p style=\"text-align:center;\"><a href=\"http:\/\/www.panoramio.com\/photo\/16225898\"><img decoding=\"async\" src=\"http:\/\/www.andreas-edler.de\/grafik\/blog_2008\/20081123_panorama_alter_salzweg.jpg\" width=\"470\" border=\"0\" alt=\"\"><\/a><\/p>\n","protected":false},"excerpt":{"rendered":"<p>Drau\u00dfen sah&#8217;s richtig ungem\u00fctlich aus. Na\u00df, kalt, windig &#8211; aber ich bin schon ewig nicht auf dem Rad gewesen und es n\u00fctzt ja nix. Also widerwillig in die engen Klamotten gezw\u00e4ngt und los. Ich wollte ein paar Stellen abfahren und &hellip;<\/p>\n<p class=\"read-more\"> <a class=\"more-link\" href=\"https:\/\/www.andreas-edler.de\/blog\/2008\/11\/naskalt\/\"> <span class=\"screen-reader-text\">Na\u00dfkalt<\/span> Weiterlesen &raquo;<\/a><\/p>\n","protected":false},"author":1,"featured_media":0,"comment_status":"open","ping_status":"open","sticky":false,"template":"","format":"standard","meta":{"ngg_post_thumbnail":0,"activitypub_content_warning":"","activitypub_content_visibility":"","activitypub_max_image_attachments":2,"activitypub_interaction_policy_quote":"anyone","activitypub_status":"","footnotes":""},"categories":[14,15,13],"tags":[491,332,251,207,327,53,329],"class_list":["post-6465","post","type-post","status-publish","format-standard","hentry","category-bad-oeynhausen","category-fahrrad","category-verkehr","tag-halsterner-strasse","tag-hermann-loens-strasse","tag-infrastruktur","tag-radweg","tag-westkorso","tag-wetter","tag-zeppelinstrasse"],"share_on_mastodon":{"url":"","error":""},"_links":{"self":[{"href":"https:\/\/www.andreas-edler.de\/blog\/wp-json\/wp\/v2\/posts\/6465","targetHints":{"allow":["GET"]}}],"collection":[{"href":"https:\/\/www.andreas-edler.de\/blog\/wp-json\/wp\/v2\/posts"}],"about":[{"href":"https:\/\/www.andreas-edler.de\/blog\/wp-json\/wp\/v2\/types\/post"}],"author":[{"embeddable":true,"href":"https:\/\/www.andreas-edler.de\/blog\/wp-json\/wp\/v2\/users\/1"}],"replies":[{"embeddable":true,"href":"https:\/\/www.andreas-edler.de\/blog\/wp-json\/wp\/v2\/comments?post=6465"}],"version-history":[{"count":0,"href":"https:\/\/www.andreas-edler.de\/blog\/wp-json\/wp\/v2\/posts\/6465\/revisions"}],"wp:attachment":[{"href":"https:\/\/www.andreas-edler.de\/blog\/wp-json\/wp\/v2\/media?parent=6465"}],"wp:term":[{"taxonomy":"category","embeddable":true,"href":"https:\/\/www.andreas-edler.de\/blog\/wp-json\/wp\/v2\/categories?post=6465"},{"taxonomy":"post_tag","embeddable":true,"href":"https:\/\/www.andreas-edler.de\/blog\/wp-json\/wp\/v2\/tags?post=6465"}],"curies":[{"name":"wp","href":"https:\/\/api.w.org\/{rel}","templated":true}]}}