{"id":6456,"date":"2008-11-16T21:05:00","date_gmt":"2008-11-16T20:05:00","guid":{"rendered":"http:\/\/www.andreas-edler.de\/blog\/2008\/11\/bka-gesetz\/"},"modified":"2008-11-16T21:05:00","modified_gmt":"2008-11-16T20:05:00","slug":"bka-gesetz","status":"publish","type":"post","link":"https:\/\/www.andreas-edler.de\/blog\/2008\/11\/bka-gesetz\/","title":{"rendered":"BKA-Gesetz"},"content":{"rendered":"<p><a href=\"http:\/\/www.spiegel.de\/politik\/deutschland\/0,1518,590750,00.html\">Es scheint doch Intelligenz da drau\u00dfen zu geben:<\/a> <cite><b><a href=\"http:\/\/www.spiegel.de\/politik\/deutschland\/0,1518,590750,00.html\">Sch\u00e4ubles Sp\u00e4hgesetz steht vor dem Aus<\/a> SpOn vom 16.1..12008<\/b><br \/>&#8230; Es ist eines der umstrittensten Projekte der Gro\u00dfen Koalition &#8211; jetzt droht dem BKA-Gesetz das Aus. Nachdem FDP, Gr\u00fcne und Linke die Mehrheit im Bundesrat schon dezimiert hatten, legt sich nun auch die s\u00e4chsische SPD quer: Die Mehrheit f\u00fcr Wolfgang Sch\u00e4ubles Pl\u00e4ne d\u00fcrfte damit dahin sein &#8230;<\/cite> Es besteht also die M\u00f6glichkeit, dass unserem verherenden Innenminister doch Grenzen aufgezeigt werden. Die SPD macht bei mir Boden gut, wenn das klappt &#8230;<\/p>\n","protected":false},"excerpt":{"rendered":"<p>Es scheint doch Intelligenz da drau\u00dfen zu geben: Sch\u00e4ubles Sp\u00e4hgesetz steht vor dem Aus SpOn vom 16.1..12008&#8230; Es ist eines der umstrittensten Projekte der Gro\u00dfen Koalition &#8211; jetzt droht dem BKA-Gesetz das Aus. Nachdem FDP, Gr\u00fcne und Linke die Mehrheit &hellip;<\/p>\n<p class=\"read-more\"> <a class=\"more-link\" href=\"https:\/\/www.andreas-edler.de\/blog\/2008\/11\/bka-gesetz\/\"> <span class=\"screen-reader-text\">BKA-Gesetz<\/span> Weiterlesen &raquo;<\/a><\/p>\n","protected":false},"author":1,"featured_media":0,"comment_status":"open","ping_status":"open","sticky":false,"template":"","format":"standard","meta":{"ngg_post_thumbnail":0,"activitypub_content_warning":"","activitypub_content_visibility":"","activitypub_max_image_attachments":2,"activitypub_interaction_policy_quote":"anyone","activitypub_status":"","footnotes":""},"categories":[45],"tags":[19],"class_list":["post-6456","post","type-post","status-publish","format-standard","hentry","category-politik","tag-tagesgeschehen"],"share_on_mastodon":{"url":"","error":""},"_links":{"self":[{"href":"https:\/\/www.andreas-edler.de\/blog\/wp-json\/wp\/v2\/posts\/6456","targetHints":{"allow":["GET"]}}],"collection":[{"href":"https:\/\/www.andreas-edler.de\/blog\/wp-json\/wp\/v2\/posts"}],"about":[{"href":"https:\/\/www.andreas-edler.de\/blog\/wp-json\/wp\/v2\/types\/post"}],"author":[{"embeddable":true,"href":"https:\/\/www.andreas-edler.de\/blog\/wp-json\/wp\/v2\/users\/1"}],"replies":[{"embeddable":true,"href":"https:\/\/www.andreas-edler.de\/blog\/wp-json\/wp\/v2\/comments?post=6456"}],"version-history":[{"count":0,"href":"https:\/\/www.andreas-edler.de\/blog\/wp-json\/wp\/v2\/posts\/6456\/revisions"}],"wp:attachment":[{"href":"https:\/\/www.andreas-edler.de\/blog\/wp-json\/wp\/v2\/media?parent=6456"}],"wp:term":[{"taxonomy":"category","embeddable":true,"href":"https:\/\/www.andreas-edler.de\/blog\/wp-json\/wp\/v2\/categories?post=6456"},{"taxonomy":"post_tag","embeddable":true,"href":"https:\/\/www.andreas-edler.de\/blog\/wp-json\/wp\/v2\/tags?post=6456"}],"curies":[{"name":"wp","href":"https:\/\/api.w.org\/{rel}","templated":true}]}}