{"id":6452,"date":"2008-11-12T21:00:00","date_gmt":"2008-11-12T20:00:00","guid":{"rendered":"http:\/\/www.andreas-edler.de\/blog\/2008\/11\/radwege-wie-mans-macht-ists-verkehrt\/"},"modified":"2008-11-12T21:00:00","modified_gmt":"2008-11-12T20:00:00","slug":"radwege-wie-mans-macht-ists-verkehrt","status":"publish","type":"post","link":"https:\/\/www.andreas-edler.de\/blog\/2008\/11\/radwege-wie-mans-macht-ists-verkehrt\/","title":{"rendered":"Radwege &#8230; wie man&#8217;s macht, ist&#8217;s verkehrt"},"content":{"rendered":"<p><cite><b><a href=\"http:\/\/www.presseportal.de\/polizeipresse\/pm\/43553\/1297190\/polizei_minden_luebbecke\"> 07.11.2008 | 12:43 Uhr | POL-MI: Radfahrer leicht verletzt<\/a><\/b><br \/>&#8230; Ein 27-j\u00e4hriger Radfahrer fuhr am Freitag gegen 08.15 Uhr mit seinem Rad verbotswidrig auf dem linken Radweg der Eidinghausener Stra\u00dfe in Fahrtrichtung Eidinghausen. Als ein 33-j\u00e4hriger Klein-LKW-Fahrer &#8211; aus seiner Sicht von links kommend &#8211; ein Grundst\u00fcck verlie\u00df, kam es zum Zusammensto\u00df beider Fahrzeuge. Der LKW-Fahrer hatte sich darauf verlassen, dass Radfahrer nur von rechts kommen k\u00f6nnen! &#8230;<\/cite> Vorsichtigerweise l\u00e4sst der Polizeibericht hier offen, wo das passiert ist. Aber &#8211; man kl\u00e4re mich auf, falls ich zu bl\u00f6d bin das zu verstehen &#8211; man m\u00f6chte hier offensichtlich sagen, dass der LKW-Fahrer nur nach links geguckt hat, ob von dort Radfahrer kommen. Denn *wenn* er nach rechts geguckt h\u00e4tte, dann h\u00e4tte er den falsch fahrenden Radfahrer ja sehen m\u00fcssen. W\u00e4re der Radfahrer richtig gefahren, dann w\u00e4re er ja von links und nicht von rechts gekommen. Insofern wurde in der Meldung wahrscheinlich rechts und links verwechselt.<\/p>\n<p>Ist aber auch verst\u00e4ndlich, wenn man mit dem ganzen linksseitig freigegeben, linksseitig einseitig, rechtssseitig usw. durcheinander kommt. Diese Sonderregelungen f\u00fcr Radfahrer versteht ja sonst auch keiner und genau *deshalb* kommt es erst zu solchen Unf\u00e4llen. An anderen Stellen in Bad Oeynhausen ist n\u00e4mlich genau das, was die Polizei hier bekrittelt vorgeschrieben. Z.B. an der Bergkirchener Stra\u00dfe. Insofern ist es nat\u00fcrlich Bl\u00f6dsinn, wenn man sich darauf verl\u00e4sst, dass Radfahrer nur von einer Seite kommen k\u00f6nnen. Derjenige, welcher f\u00fcr die Benutzungspflichten zust\u00e4ndig ist, zwingt die Verkehrsteilnehmer ziemlich oft zu Harakiri-Aktionen, die dann gelegentlich auch so enden &#8230;<\/p>\n<p><cite><b><a href=\"http:\/\/www.presseportal.de\/polizeipresse\/pm\/43553\/1300154\/polizei_minden_luebbecke\"> 12.11.2008 | 12:20 Uhr | POL-MI: Radfahrer st\u00fcrzt bei Unfall.<\/a><\/b><br \/>&#8230; befuhr ein 67-j\u00e4hriger Radfahrer aus Bad Oeynhausen den kombinierten Geh und Radweg der Bergkirchener Stra\u00dfe in Richtung S\u00fcden. Ein 30-j\u00e4hriger Mann aus Stolzenau fuhr mit seinem Opel die Ringstra\u00dfe in \u00f6stliche Richtung. Beim \u00dcberqueren der Kreuzung stie\u00df der Fahrradfahrer seitlich gegen den Pkw &#8230;<\/cite> Und selbst wenn man als Radfahrer auf der richtigen Seite f\u00e4hrt, ist das keine Garantie daf\u00fcr, dass man nicht trotzdem aus dem Sattel geholt wird. Leider vers\u00e4umt es die Polizei dann regelm\u00e4\u00dfig, genauso plakativ darauf hinzuweisen, dass der Autofahrer sich regelwidrig verhalten hat und dem Radler die Vorfahrt nahm &#8230; scheint ein Kavaliersdelikt zu sein &#8211; zumindest wenn es die Vorfahrt eines Radfahrers ist.<\/p>\n<p><a href=\"http:\/\/www.andreas-edler.de\/2008\/11\/den-radfahrern-geht-es-den-kragen.php\">Aber wir werden jetzt ja fahrradfreundlich &#8230;<\/a><\/p>\n","protected":false},"excerpt":{"rendered":"<p>07.11.2008 | 12:43 Uhr | POL-MI: Radfahrer leicht verletzt&#8230; Ein 27-j\u00e4hriger Radfahrer fuhr am Freitag gegen 08.15 Uhr mit seinem Rad verbotswidrig auf dem linken Radweg der Eidinghausener Stra\u00dfe in Fahrtrichtung Eidinghausen. Als ein 33-j\u00e4hriger Klein-LKW-Fahrer &#8211; aus seiner Sicht &hellip;<\/p>\n<p class=\"read-more\"> <a class=\"more-link\" href=\"https:\/\/www.andreas-edler.de\/blog\/2008\/11\/radwege-wie-mans-macht-ists-verkehrt\/\"> <span class=\"screen-reader-text\">Radwege &#8230; wie man&#8217;s macht, ist&#8217;s verkehrt<\/span> Weiterlesen &raquo;<\/a><\/p>\n","protected":false},"author":1,"featured_media":0,"comment_status":"open","ping_status":"open","sticky":false,"template":"","format":"standard","meta":{"ngg_post_thumbnail":0,"activitypub_content_warning":"","activitypub_content_visibility":"","activitypub_max_image_attachments":2,"activitypub_interaction_policy_quote":"anyone","activitypub_status":"","footnotes":""},"categories":[14,15,13],"tags":[],"class_list":["post-6452","post","type-post","status-publish","format-standard","hentry","category-bad-oeynhausen","category-fahrrad","category-verkehr"],"share_on_mastodon":{"url":"","error":""},"_links":{"self":[{"href":"https:\/\/www.andreas-edler.de\/blog\/wp-json\/wp\/v2\/posts\/6452","targetHints":{"allow":["GET"]}}],"collection":[{"href":"https:\/\/www.andreas-edler.de\/blog\/wp-json\/wp\/v2\/posts"}],"about":[{"href":"https:\/\/www.andreas-edler.de\/blog\/wp-json\/wp\/v2\/types\/post"}],"author":[{"embeddable":true,"href":"https:\/\/www.andreas-edler.de\/blog\/wp-json\/wp\/v2\/users\/1"}],"replies":[{"embeddable":true,"href":"https:\/\/www.andreas-edler.de\/blog\/wp-json\/wp\/v2\/comments?post=6452"}],"version-history":[{"count":0,"href":"https:\/\/www.andreas-edler.de\/blog\/wp-json\/wp\/v2\/posts\/6452\/revisions"}],"wp:attachment":[{"href":"https:\/\/www.andreas-edler.de\/blog\/wp-json\/wp\/v2\/media?parent=6452"}],"wp:term":[{"taxonomy":"category","embeddable":true,"href":"https:\/\/www.andreas-edler.de\/blog\/wp-json\/wp\/v2\/categories?post=6452"},{"taxonomy":"post_tag","embeddable":true,"href":"https:\/\/www.andreas-edler.de\/blog\/wp-json\/wp\/v2\/tags?post=6452"}],"curies":[{"name":"wp","href":"https:\/\/api.w.org\/{rel}","templated":true}]}}