{"id":64235,"date":"2014-04-13T19:32:29","date_gmt":"2014-04-13T17:32:29","guid":{"rendered":"http:\/\/www.andreas-edler.de\/blog\/?p=64235"},"modified":"2014-04-13T19:32:29","modified_gmt":"2014-04-13T17:32:29","slug":"mutti-guckt-argwoehnisch","status":"publish","type":"post","link":"https:\/\/www.andreas-edler.de\/blog\/2014\/04\/mutti-guckt-argwoehnisch\/","title":{"rendered":"Mutti guckt argw\u00f6hnisch"},"content":{"rendered":"<p>Ganz vorsichtig habe ich mich um die Ecke geschlichen, damit ich keinen \u00c4rger mache. Hat auch geklappt &#8230; obwohl die Mama mich gesehen hat und ein wenig b\u00f6se guckte. <\/p>\n<p style=\"text-align:center;font-size: smaller;\"><img decoding=\"async\" src=\"http:\/\/www.andreas-edler.de\/grafik\/blog_2014\/20140413_bruetender_vogel.jpg\" width=\"470\" border=\"0\" alt=\"\" title=\"\"><\/p>\n<p><!--more--> Hat aber auch allen Grund dazu, denn ich habe dort nichts zu suchen. Das noch unges\u00e4gte und dementsprechend auch noch nicht weggestapelte Holz, muss wohl noch etwas warten. Zumindest so lange, bis die Kinderstube frei ist. <\/p>\n<p style=\"text-align:center;font-size: smaller;\"><img decoding=\"async\" src=\"http:\/\/www.andreas-edler.de\/grafik\/blog_2014\/20140413_kueken_im_nest.jpg\" width=\"470\" border=\"0\" alt=\"\" title=\"\"><\/p>\n<p> Zwei kleine Wonneproppen, da will man dann ja auch nicht st\u00f6ren. Im Meisenkasten am Ger\u00e4teschuppen fliegt auch schon ein Bewohner ein und aus. Ob da auch schon Nachwuchs angekommen ist, haben wir jedoch noch nicht heraus bekommen! <\/p>\n<p style=\"text-align:center;font-size: smaller;\"><img decoding=\"async\" src=\"http:\/\/www.andreas-edler.de\/grafik\/blog_2014\/20140413_versteck.jpg\" width=\"470\" border=\"0\" alt=\"\" title=\"\"><\/p>\n<p> Und ich hoffe mal nicht, dass das der Papa von jemandem war. Hat sich aber auch einen ganz bl\u00f6den Platz zum Verstecken ausgesucht :-\/<\/p>\n","protected":false},"excerpt":{"rendered":"<p>Ganz vorsichtig habe ich mich um die Ecke geschlichen, damit ich keinen \u00c4rger mache. Hat auch geklappt &#8230; obwohl die Mama mich gesehen hat und ein wenig b\u00f6se guckte.<\/p>\n","protected":false},"author":1,"featured_media":0,"comment_status":"open","ping_status":"open","sticky":false,"template":"","format":"standard","meta":{"ngg_post_thumbnail":0,"activitypub_content_warning":"","activitypub_content_visibility":"","activitypub_max_image_attachments":2,"activitypub_interaction_policy_quote":"anyone","activitypub_status":"","footnotes":""},"categories":[1],"tags":[31,70],"class_list":["post-64235","post","type-post","status-publish","format-standard","hentry","category-allgemein","tag-garten","tag-umwelt"],"share_on_mastodon":{"url":"","error":""},"_links":{"self":[{"href":"https:\/\/www.andreas-edler.de\/blog\/wp-json\/wp\/v2\/posts\/64235","targetHints":{"allow":["GET"]}}],"collection":[{"href":"https:\/\/www.andreas-edler.de\/blog\/wp-json\/wp\/v2\/posts"}],"about":[{"href":"https:\/\/www.andreas-edler.de\/blog\/wp-json\/wp\/v2\/types\/post"}],"author":[{"embeddable":true,"href":"https:\/\/www.andreas-edler.de\/blog\/wp-json\/wp\/v2\/users\/1"}],"replies":[{"embeddable":true,"href":"https:\/\/www.andreas-edler.de\/blog\/wp-json\/wp\/v2\/comments?post=64235"}],"version-history":[{"count":0,"href":"https:\/\/www.andreas-edler.de\/blog\/wp-json\/wp\/v2\/posts\/64235\/revisions"}],"wp:attachment":[{"href":"https:\/\/www.andreas-edler.de\/blog\/wp-json\/wp\/v2\/media?parent=64235"}],"wp:term":[{"taxonomy":"category","embeddable":true,"href":"https:\/\/www.andreas-edler.de\/blog\/wp-json\/wp\/v2\/categories?post=64235"},{"taxonomy":"post_tag","embeddable":true,"href":"https:\/\/www.andreas-edler.de\/blog\/wp-json\/wp\/v2\/tags?post=64235"}],"curies":[{"name":"wp","href":"https:\/\/api.w.org\/{rel}","templated":true}]}}