{"id":6423,"date":"2008-10-27T21:43:00","date_gmt":"2008-10-27T20:43:00","guid":{"rendered":"http:\/\/www.andreas-edler.de\/blog\/2008\/10\/schwertransport-2\/"},"modified":"2008-10-27T21:43:00","modified_gmt":"2008-10-27T20:43:00","slug":"schwertransport-2","status":"publish","type":"post","link":"https:\/\/www.andreas-edler.de\/blog\/2008\/10\/schwertransport-2\/","title":{"rendered":"Schwertransport"},"content":{"rendered":"<p>Neulich war ich noch erstaunt, <a href=\"http:\/\/www.andreas-edler.de\/2008\/10\/es-findet-sich-immer-ein-weg.php\">was sich manche Leute trauen<\/a>, aber so ein kleiner Herd ist \u00fcberhaupt nichts im Vergleich zu einem Sofa nebst passendem Sessel. Wozu habe ich eigentlich einen Kombi? V\u00f6llig \u00fcberdimensioniert &#8230; <\/p>\n<p style=\"text-align:center;\"><img decoding=\"async\" src=\"http:\/\/www.andreas-edler.de\/grafik\/blog_2008\/20081027_schwertransport.jpg\" width=\"470\" border=\"0\" alt=\"\"><\/p>\n","protected":false},"excerpt":{"rendered":"<p>Neulich war ich noch erstaunt, was sich manche Leute trauen, aber so ein kleiner Herd ist \u00fcberhaupt nichts im Vergleich zu einem Sofa nebst passendem Sessel. Wozu habe ich eigentlich einen Kombi? V\u00f6llig \u00fcberdimensioniert &#8230;<\/p>\n","protected":false},"author":1,"featured_media":0,"comment_status":"open","ping_status":"open","sticky":false,"template":"","format":"standard","meta":{"ngg_post_thumbnail":0,"activitypub_content_warning":"","activitypub_content_visibility":"","activitypub_max_image_attachments":2,"activitypub_interaction_policy_quote":"anyone","activitypub_status":"","footnotes":""},"categories":[13],"tags":[5],"class_list":["post-6423","post","type-post","status-publish","format-standard","hentry","category-verkehr","tag-unterwegs"],"share_on_mastodon":{"url":"","error":""},"_links":{"self":[{"href":"https:\/\/www.andreas-edler.de\/blog\/wp-json\/wp\/v2\/posts\/6423","targetHints":{"allow":["GET"]}}],"collection":[{"href":"https:\/\/www.andreas-edler.de\/blog\/wp-json\/wp\/v2\/posts"}],"about":[{"href":"https:\/\/www.andreas-edler.de\/blog\/wp-json\/wp\/v2\/types\/post"}],"author":[{"embeddable":true,"href":"https:\/\/www.andreas-edler.de\/blog\/wp-json\/wp\/v2\/users\/1"}],"replies":[{"embeddable":true,"href":"https:\/\/www.andreas-edler.de\/blog\/wp-json\/wp\/v2\/comments?post=6423"}],"version-history":[{"count":0,"href":"https:\/\/www.andreas-edler.de\/blog\/wp-json\/wp\/v2\/posts\/6423\/revisions"}],"wp:attachment":[{"href":"https:\/\/www.andreas-edler.de\/blog\/wp-json\/wp\/v2\/media?parent=6423"}],"wp:term":[{"taxonomy":"category","embeddable":true,"href":"https:\/\/www.andreas-edler.de\/blog\/wp-json\/wp\/v2\/categories?post=6423"},{"taxonomy":"post_tag","embeddable":true,"href":"https:\/\/www.andreas-edler.de\/blog\/wp-json\/wp\/v2\/tags?post=6423"}],"curies":[{"name":"wp","href":"https:\/\/api.w.org\/{rel}","templated":true}]}}