{"id":6416,"date":"2008-10-19T15:13:00","date_gmt":"2008-10-19T14:13:00","guid":{"rendered":"http:\/\/www.andreas-edler.de\/blog\/2008\/10\/trennung-2\/"},"modified":"2013-11-02T15:10:19","modified_gmt":"2013-11-02T14:10:19","slug":"trennung-2","status":"publish","type":"post","link":"https:\/\/www.andreas-edler.de\/blog\/2008\/10\/trennung-2\/","title":{"rendered":"Trennung"},"content":{"rendered":"<p>\u00dcber ein Jahrzehnt waren wir zusammen, aber zum Schlu\u00df lief es halt nicht mehr so wie fr\u00fcher. Die Ansichten drifteten auseinander, manchmal dachte ich, das ist nur noch Verarschung. Man kann ja ruhig unterschiedlicher Meinung sein, aber doch bitte auf einer sachlichen und nicht esoterischen Basis. Es kam also wie es kommen musste: ich habe endlich einen <a href=\"http:\/\/www.andreas-edler.de\/2005\/04\/kndigung-stereo.html\">Schlu\u00dfstrich<\/a> gezogen. Das war vor drei 1\/2 Jahren. Und heute habe ich dann auch die Reste der Beziehung entsorgt. <\/p>\n<p style=\"text-align:center;\"><img decoding=\"async\" src=\"http:\/\/www.andreas-edler.de\/grafik\/blog_2008\/20081019_stereo.jpg\" width=\"470\" border=\"0\" alt=\"\"><\/p>\n","protected":false},"excerpt":{"rendered":"<p>\u00dcber ein Jahrzehnt waren wir zusammen, aber zum Schlu\u00df lief es halt nicht mehr so wie fr\u00fcher. Die Ansichten drifteten auseinander, manchmal dachte ich, das ist nur noch Verarschung. Man kann ja ruhig unterschiedlicher Meinung sein, aber doch bitte auf &hellip;<\/p>\n<p class=\"read-more\"> <a class=\"more-link\" href=\"https:\/\/www.andreas-edler.de\/blog\/2008\/10\/trennung-2\/\"> <span class=\"screen-reader-text\">Trennung<\/span> Weiterlesen &raquo;<\/a><\/p>\n","protected":false},"author":1,"featured_media":0,"comment_status":"open","ping_status":"open","sticky":false,"template":"","format":"standard","meta":{"ngg_post_thumbnail":0,"activitypub_content_warning":"","activitypub_content_visibility":"","activitypub_max_image_attachments":2,"activitypub_interaction_policy_quote":"anyone","activitypub_status":"","footnotes":""},"categories":[1],"tags":[23,29,59],"class_list":["post-6416","post","type-post","status-publish","format-standard","hentry","category-allgemein","tag-medien","tag-musik","tag-presse"],"share_on_mastodon":{"url":"","error":""},"_links":{"self":[{"href":"https:\/\/www.andreas-edler.de\/blog\/wp-json\/wp\/v2\/posts\/6416","targetHints":{"allow":["GET"]}}],"collection":[{"href":"https:\/\/www.andreas-edler.de\/blog\/wp-json\/wp\/v2\/posts"}],"about":[{"href":"https:\/\/www.andreas-edler.de\/blog\/wp-json\/wp\/v2\/types\/post"}],"author":[{"embeddable":true,"href":"https:\/\/www.andreas-edler.de\/blog\/wp-json\/wp\/v2\/users\/1"}],"replies":[{"embeddable":true,"href":"https:\/\/www.andreas-edler.de\/blog\/wp-json\/wp\/v2\/comments?post=6416"}],"version-history":[{"count":0,"href":"https:\/\/www.andreas-edler.de\/blog\/wp-json\/wp\/v2\/posts\/6416\/revisions"}],"wp:attachment":[{"href":"https:\/\/www.andreas-edler.de\/blog\/wp-json\/wp\/v2\/media?parent=6416"}],"wp:term":[{"taxonomy":"category","embeddable":true,"href":"https:\/\/www.andreas-edler.de\/blog\/wp-json\/wp\/v2\/categories?post=6416"},{"taxonomy":"post_tag","embeddable":true,"href":"https:\/\/www.andreas-edler.de\/blog\/wp-json\/wp\/v2\/tags?post=6416"}],"curies":[{"name":"wp","href":"https:\/\/api.w.org\/{rel}","templated":true}]}}