{"id":6406,"date":"2008-10-14T18:29:00","date_gmt":"2008-10-14T17:29:00","guid":{"rendered":"http:\/\/www.andreas-edler.de\/blog\/2008\/10\/verbotswidrig-auf-dem-gehweg\/"},"modified":"2008-10-14T18:29:00","modified_gmt":"2008-10-14T17:29:00","slug":"verbotswidrig-auf-dem-gehweg","status":"publish","type":"post","link":"https:\/\/www.andreas-edler.de\/blog\/2008\/10\/verbotswidrig-auf-dem-gehweg\/","title":{"rendered":"Verbotswidrig auf dem Gehweg"},"content":{"rendered":"<p><cite><b><a href=\"http:\/\/www.presseportal.de\/polizeipresse\/pm\/43553\/1281903\/polizei_minden_luebbecke\/rss\">POL-MI: Radfahrerin leicht verletzt<\/a> &#8211; 14.10.2008 13:57<\/b><br \/>&#8230; verlie\u00df eine 45-j\u00e4hrige Mitsubishi-Fahrerin ein Grundst\u00fcck am Westkorso. Hierbei stie\u00df sie mit einer 60-j\u00e4hrigen Radfahrerin zusammen, die verbotswidrig auf dem Gehweg des Westkorsos aus Richtung Sch\u00fctzenbr\u00fccke kommend in Fahrtrichtung Kurpark-Zufahrt unterwegs war &#8230;<\/cite> Und warum war sie verbotswidrig auf dem Gehweg unterwegs? Weil die Indoktrination wie gew\u00fcnscht funktioniert. &#8222;Radweg&#8220; = &#8222;sicher&#8220;. Und wenn keiner da ist, ist es auf dem Gehweg immer noch sicherer als auf der Fahrbahn. Diese Diskussion hatte ich mit einem Arbeitskollegen, der grunds\u00e4tzlich t\u00e4glich Gehwege zum Radfahren benutzt, auch schon. Nur dass auf den Rad- oder wie hier Gehwegen die Unf\u00e4lle passieren, das wird nirgends ausdr\u00fccklich erw\u00e4hnt.<\/p>\n<p>Als Autofahrer kann man im Zweifel gar nicht wissen, ob der jeweilig gequerte Weg f\u00fcr Radfahrer benutzungspflichtig oder als erlaubt ausgeschildert ist, oder ob man den als Radler nicht benutzen darf. Die L\u00f6sung ist einfach: keine Radwegbenutzungspflicht und auf die Fahrbahn mit den Radlern. Da wird man gesehen, es ist nicht eng &#8230; alle sind gl\u00fccklich.<\/p>\n","protected":false},"excerpt":{"rendered":"<p>POL-MI: Radfahrerin leicht verletzt &#8211; 14.10.2008 13:57&#8230; verlie\u00df eine 45-j\u00e4hrige Mitsubishi-Fahrerin ein Grundst\u00fcck am Westkorso. Hierbei stie\u00df sie mit einer 60-j\u00e4hrigen Radfahrerin zusammen, die verbotswidrig auf dem Gehweg des Westkorsos aus Richtung Sch\u00fctzenbr\u00fccke kommend in Fahrtrichtung Kurpark-Zufahrt unterwegs war &#8230; &hellip;<\/p>\n<p class=\"read-more\"> <a class=\"more-link\" href=\"https:\/\/www.andreas-edler.de\/blog\/2008\/10\/verbotswidrig-auf-dem-gehweg\/\"> <span class=\"screen-reader-text\">Verbotswidrig auf dem Gehweg<\/span> Weiterlesen &raquo;<\/a><\/p>\n","protected":false},"author":1,"featured_media":0,"comment_status":"open","ping_status":"open","sticky":false,"template":"","format":"standard","meta":{"ngg_post_thumbnail":0,"activitypub_content_warning":"","activitypub_content_visibility":"","activitypub_max_image_attachments":2,"activitypub_interaction_policy_quote":"anyone","activitypub_status":"","footnotes":""},"categories":[15,13],"tags":[],"class_list":["post-6406","post","type-post","status-publish","format-standard","hentry","category-fahrrad","category-verkehr"],"share_on_mastodon":{"url":"","error":""},"_links":{"self":[{"href":"https:\/\/www.andreas-edler.de\/blog\/wp-json\/wp\/v2\/posts\/6406","targetHints":{"allow":["GET"]}}],"collection":[{"href":"https:\/\/www.andreas-edler.de\/blog\/wp-json\/wp\/v2\/posts"}],"about":[{"href":"https:\/\/www.andreas-edler.de\/blog\/wp-json\/wp\/v2\/types\/post"}],"author":[{"embeddable":true,"href":"https:\/\/www.andreas-edler.de\/blog\/wp-json\/wp\/v2\/users\/1"}],"replies":[{"embeddable":true,"href":"https:\/\/www.andreas-edler.de\/blog\/wp-json\/wp\/v2\/comments?post=6406"}],"version-history":[{"count":0,"href":"https:\/\/www.andreas-edler.de\/blog\/wp-json\/wp\/v2\/posts\/6406\/revisions"}],"wp:attachment":[{"href":"https:\/\/www.andreas-edler.de\/blog\/wp-json\/wp\/v2\/media?parent=6406"}],"wp:term":[{"taxonomy":"category","embeddable":true,"href":"https:\/\/www.andreas-edler.de\/blog\/wp-json\/wp\/v2\/categories?post=6406"},{"taxonomy":"post_tag","embeddable":true,"href":"https:\/\/www.andreas-edler.de\/blog\/wp-json\/wp\/v2\/tags?post=6406"}],"curies":[{"name":"wp","href":"https:\/\/api.w.org\/{rel}","templated":true}]}}