{"id":6395,"date":"2008-10-08T21:32:00","date_gmt":"2008-10-08T20:32:00","guid":{"rendered":"http:\/\/www.andreas-edler.de\/blog\/2008\/10\/der-baader-meinhof-komplex\/"},"modified":"2013-11-02T15:10:20","modified_gmt":"2013-11-02T14:10:20","slug":"der-baader-meinhof-komplex","status":"publish","type":"post","link":"https:\/\/www.andreas-edler.de\/blog\/2008\/10\/der-baader-meinhof-komplex\/","title":{"rendered":"Der Baader Meinhof Komplex"},"content":{"rendered":"<div class=\"bild\"><img decoding=\"async\" src=\"http:\/\/www.filmfacts.de\/grafic\/jpeg\/der_baader_meinhof_komplex_poster_1.jpg\" width=\"250\" border=\"0\" alt=\"\"><\/div>\n<p> Ich mag Dokumentationen, Biographien ab und an, leider kommt sowas haupts\u00e4chlich auf Arte, 3Sat und Konsorten. Umso sch\u00f6ner, wenn dann etwas \u00c4hnliches auch mal im Kino l\u00e4uft. Neuere deutsche Geschichte und dann der Anspruch, den Regisseur Uli Edel an sein Werk hat. Er will zeigen, wie die RAF wirklich war. Ungesch\u00f6nt. Na bitte, dann gucke ich mir das doch mal an. \u00dcberraschend viele \u00c4ltere G\u00e4ste im Saal &#8211; darunter sehr, sehr viele Eltern mit ihren Kindern. Das Thema scheint zu interessieren.<\/p>\n<p><a href=\"http:\/\/www.filmfacts.de\/film\/kritiken\/der_baader_meinhof_komplex.php\">&#8222;Au\u00dfen hui, Aussage pfui&#8220; auf filmfacts.de &#8230;<\/a><\/p>\n<p>Der Film ist wunderbar ausgestattet, mit viel Liebe zum Detail eingerichtet und sehr gut fotografiert. Die Musik passt. Ich habe formal wirklich gar nichts zu meckern. Aber diese unreflektiere Darstellung der Geschehnisse aus einer weitgehenden einseitigen Sicht ist bei der Darstellung von Extremen gef\u00e4hrlich &#8211; ich w\u00fcrde sagen &#8222;falsch&#8220;. So erreicht der Film meiner Meinung nach genau das Gegenteil von dem, was eigentlich gezeigt werden sollte. Und von daher kann ich wirklich keine Empfehlung aussprechen.<\/p>\n","protected":false},"excerpt":{"rendered":"<p>Ich mag Dokumentationen, Biographien ab und an, leider kommt sowas haupts\u00e4chlich auf Arte, 3Sat und Konsorten. Umso sch\u00f6ner, wenn dann etwas \u00c4hnliches auch mal im Kino l\u00e4uft. Neuere deutsche Geschichte und dann der Anspruch, den Regisseur Uli Edel an sein &hellip;<\/p>\n<p class=\"read-more\"> <a class=\"more-link\" href=\"https:\/\/www.andreas-edler.de\/blog\/2008\/10\/der-baader-meinhof-komplex\/\"> <span class=\"screen-reader-text\">Der Baader Meinhof Komplex<\/span> Weiterlesen &raquo;<\/a><\/p>\n","protected":false},"author":1,"featured_media":0,"comment_status":"open","ping_status":"open","sticky":false,"template":"","format":"standard","meta":{"ngg_post_thumbnail":0,"activitypub_content_warning":"","activitypub_content_visibility":"","activitypub_max_image_attachments":2,"activitypub_interaction_policy_quote":"anyone","activitypub_status":"","footnotes":""},"categories":[1],"tags":[11,9],"class_list":["post-6395","post","type-post","status-publish","format-standard","hentry","category-allgemein","tag-film","tag-kino"],"share_on_mastodon":{"url":"","error":""},"_links":{"self":[{"href":"https:\/\/www.andreas-edler.de\/blog\/wp-json\/wp\/v2\/posts\/6395","targetHints":{"allow":["GET"]}}],"collection":[{"href":"https:\/\/www.andreas-edler.de\/blog\/wp-json\/wp\/v2\/posts"}],"about":[{"href":"https:\/\/www.andreas-edler.de\/blog\/wp-json\/wp\/v2\/types\/post"}],"author":[{"embeddable":true,"href":"https:\/\/www.andreas-edler.de\/blog\/wp-json\/wp\/v2\/users\/1"}],"replies":[{"embeddable":true,"href":"https:\/\/www.andreas-edler.de\/blog\/wp-json\/wp\/v2\/comments?post=6395"}],"version-history":[{"count":0,"href":"https:\/\/www.andreas-edler.de\/blog\/wp-json\/wp\/v2\/posts\/6395\/revisions"}],"wp:attachment":[{"href":"https:\/\/www.andreas-edler.de\/blog\/wp-json\/wp\/v2\/media?parent=6395"}],"wp:term":[{"taxonomy":"category","embeddable":true,"href":"https:\/\/www.andreas-edler.de\/blog\/wp-json\/wp\/v2\/categories?post=6395"},{"taxonomy":"post_tag","embeddable":true,"href":"https:\/\/www.andreas-edler.de\/blog\/wp-json\/wp\/v2\/tags?post=6395"}],"curies":[{"name":"wp","href":"https:\/\/api.w.org\/{rel}","templated":true}]}}