{"id":6389,"date":"2008-10-05T08:38:00","date_gmt":"2008-10-05T07:38:00","guid":{"rendered":"http:\/\/www.andreas-edler.de\/blog\/2008\/10\/konkrete-hinweise-gibt-es-nicht\/"},"modified":"2008-10-05T08:38:00","modified_gmt":"2008-10-05T07:38:00","slug":"konkrete-hinweise-gibt-es-nicht","status":"publish","type":"post","link":"https:\/\/www.andreas-edler.de\/blog\/2008\/10\/konkrete-hinweise-gibt-es-nicht\/","title":{"rendered":"Konkrete Hinweise gibt es nicht"},"content":{"rendered":"<p><cite><b>Laut \u00abFocus\u00bb hatten mutma\u00dfliche Terrorhelfer Saarbr\u00fccken im Visier<\/b> &#8211; dpa-newsticker vom 04.10.2008 &#8211; 9:48 Uhr<br \/>Demnach seien in dem Plan mehrere Orte angestrichen worden, die als m\u00f6gliche Anschlagsziele eingestuft wurden &#8230; Hinweise auf konkrete Bombenattentate gebe es aber nicht.<\/cite> Nun, ich glaube hier im Keller liegen auch noch Stadtpl\u00e4ne mit Markierungen drauf. Noch schlimmer, ich habe sogar zu einigen Zielen direkt Anfahrpl\u00e4ne(!) \u00fcber das Internet(!) ausgedruckt. Damals, als ich noch kein Navi hatte &#8230;<\/p>\n","protected":false},"excerpt":{"rendered":"<p>Laut \u00abFocus\u00bb hatten mutma\u00dfliche Terrorhelfer Saarbr\u00fccken im Visier &#8211; dpa-newsticker vom 04.10.2008 &#8211; 9:48 UhrDemnach seien in dem Plan mehrere Orte angestrichen worden, die als m\u00f6gliche Anschlagsziele eingestuft wurden &#8230; Hinweise auf konkrete Bombenattentate gebe es aber nicht. Nun, ich &hellip;<\/p>\n<p class=\"read-more\"> <a class=\"more-link\" href=\"https:\/\/www.andreas-edler.de\/blog\/2008\/10\/konkrete-hinweise-gibt-es-nicht\/\"> <span class=\"screen-reader-text\">Konkrete Hinweise gibt es nicht<\/span> Weiterlesen &raquo;<\/a><\/p>\n","protected":false},"author":1,"featured_media":0,"comment_status":"open","ping_status":"open","sticky":false,"template":"","format":"standard","meta":{"ngg_post_thumbnail":0,"activitypub_content_warning":"","activitypub_content_visibility":"","activitypub_max_image_attachments":2,"activitypub_interaction_policy_quote":"anyone","activitypub_status":"","footnotes":""},"categories":[18,45],"tags":[66,23,19],"class_list":["post-6389","post","type-post","status-publish","format-standard","hentry","category-fraglich","category-politik","tag-mecker","tag-medien","tag-tagesgeschehen"],"share_on_mastodon":{"url":"","error":""},"_links":{"self":[{"href":"https:\/\/www.andreas-edler.de\/blog\/wp-json\/wp\/v2\/posts\/6389","targetHints":{"allow":["GET"]}}],"collection":[{"href":"https:\/\/www.andreas-edler.de\/blog\/wp-json\/wp\/v2\/posts"}],"about":[{"href":"https:\/\/www.andreas-edler.de\/blog\/wp-json\/wp\/v2\/types\/post"}],"author":[{"embeddable":true,"href":"https:\/\/www.andreas-edler.de\/blog\/wp-json\/wp\/v2\/users\/1"}],"replies":[{"embeddable":true,"href":"https:\/\/www.andreas-edler.de\/blog\/wp-json\/wp\/v2\/comments?post=6389"}],"version-history":[{"count":0,"href":"https:\/\/www.andreas-edler.de\/blog\/wp-json\/wp\/v2\/posts\/6389\/revisions"}],"wp:attachment":[{"href":"https:\/\/www.andreas-edler.de\/blog\/wp-json\/wp\/v2\/media?parent=6389"}],"wp:term":[{"taxonomy":"category","embeddable":true,"href":"https:\/\/www.andreas-edler.de\/blog\/wp-json\/wp\/v2\/categories?post=6389"},{"taxonomy":"post_tag","embeddable":true,"href":"https:\/\/www.andreas-edler.de\/blog\/wp-json\/wp\/v2\/tags?post=6389"}],"curies":[{"name":"wp","href":"https:\/\/api.w.org\/{rel}","templated":true}]}}