{"id":63602,"date":"2014-04-12T21:17:01","date_gmt":"2014-04-12T19:17:01","guid":{"rendered":"http:\/\/www.andreas-edler.de\/blog\/?p=63602"},"modified":"2014-04-12T21:17:01","modified_gmt":"2014-04-12T19:17:01","slug":"feierabendrunde-72","status":"publish","type":"post","link":"https:\/\/www.andreas-edler.de\/blog\/2014\/04\/feierabendrunde-72\/","title":{"rendered":"Feierabendrunde"},"content":{"rendered":"<p>Nach dem Tagewerk habe ich das gute Wetter genutzt und noch eine kleine Runde mit dem Rad gedreht. Habe ich dieses Jahr bisher viel zu wenig gemacht. Einfach keine Zeit &#8211; \u00e4tzend. Bin auch nur ein bisschen rumgedr\u00f6mmelt und habe auch noch am Friedhof vorbei geschaut. Auch das habe ich in den letzten Monaten zu selten gemacht. <\/p>\n<p style=\"text-align:center;font-size: smaller;\"><img decoding=\"async\" src=\"http:\/\/www.andreas-edler.de\/grafik\/blog_2014\/20140412_weserradweg.jpg\" width=\"470\" border=\"0\" alt=\"\" title=\"\"><\/p>\n<p> Trotzdem so wenig auf den Stra\u00dfen los war, hat es gereicht, dass mir zwei Autofahrer auf der Weserstra\u00dfe den Stinkefinger gezeigt haben. Es ist einfach unglaublich f\u00fcr manche Menschen, dass man mit dem Fahrrad auf der Fahrbahn f\u00e4hrt. Da m\u00fcssen sie ihr Unwissen gleich durch schlechtes Benehmen unterstreichen.<\/p>\n<p>20,8 Km | 39.6 Km\/h max. | 19,8 Km\/h Schnitt | 125 H\u00f6henmeter<\/p>\n","protected":false},"excerpt":{"rendered":"<p>Nach dem Tagewerk habe ich das gute Wetter genutzt und noch eine kleine Runde mit dem Rad gedreht. Habe ich dieses Jahr bisher viel zu wenig gemacht. Einfach keine Zeit &#8211; \u00e4tzend. Bin auch nur ein bisschen rumgedr\u00f6mmelt und habe &hellip;<\/p>\n<p class=\"read-more\"> <a class=\"more-link\" href=\"https:\/\/www.andreas-edler.de\/blog\/2014\/04\/feierabendrunde-72\/\"> <span class=\"screen-reader-text\">Feierabendrunde<\/span> Weiterlesen &raquo;<\/a><\/p>\n","protected":false},"author":1,"featured_media":0,"comment_status":"open","ping_status":"open","sticky":false,"template":"","format":"standard","meta":{"ngg_post_thumbnail":0,"activitypub_content_warning":"","activitypub_content_visibility":"","activitypub_max_image_attachments":2,"activitypub_interaction_policy_quote":"anyone","activitypub_status":"","footnotes":""},"categories":[15],"tags":[63,221],"class_list":["post-63602","post","type-post","status-publish","format-standard","hentry","category-fahrrad","tag-benehmen","tag-verkehr"],"share_on_mastodon":{"url":"","error":""},"_links":{"self":[{"href":"https:\/\/www.andreas-edler.de\/blog\/wp-json\/wp\/v2\/posts\/63602","targetHints":{"allow":["GET"]}}],"collection":[{"href":"https:\/\/www.andreas-edler.de\/blog\/wp-json\/wp\/v2\/posts"}],"about":[{"href":"https:\/\/www.andreas-edler.de\/blog\/wp-json\/wp\/v2\/types\/post"}],"author":[{"embeddable":true,"href":"https:\/\/www.andreas-edler.de\/blog\/wp-json\/wp\/v2\/users\/1"}],"replies":[{"embeddable":true,"href":"https:\/\/www.andreas-edler.de\/blog\/wp-json\/wp\/v2\/comments?post=63602"}],"version-history":[{"count":0,"href":"https:\/\/www.andreas-edler.de\/blog\/wp-json\/wp\/v2\/posts\/63602\/revisions"}],"wp:attachment":[{"href":"https:\/\/www.andreas-edler.de\/blog\/wp-json\/wp\/v2\/media?parent=63602"}],"wp:term":[{"taxonomy":"category","embeddable":true,"href":"https:\/\/www.andreas-edler.de\/blog\/wp-json\/wp\/v2\/categories?post=63602"},{"taxonomy":"post_tag","embeddable":true,"href":"https:\/\/www.andreas-edler.de\/blog\/wp-json\/wp\/v2\/tags?post=63602"}],"curies":[{"name":"wp","href":"https:\/\/api.w.org\/{rel}","templated":true}]}}