{"id":6331,"date":"2008-08-31T19:22:00","date_gmt":"2008-08-31T18:22:00","guid":{"rendered":"http:\/\/www.andreas-edler.de\/blog\/2008\/08\/nach-herford\/"},"modified":"2010-10-30T23:40:42","modified_gmt":"2010-10-30T21:40:42","slug":"nach-herford","status":"publish","type":"post","link":"https:\/\/www.andreas-edler.de\/blog\/2008\/08\/nach-herford\/","title":{"rendered":"nach Herford"},"content":{"rendered":"<div class=\"bild\"><iframe loading=\"lazy\" marginheight=\"0\" marginwidth=\"0\" src=\"http:\/\/maps.google.de\/maps?f=q&amp;hl=de&amp;geocode=&amp;q=http:%2F%2Fwww.andreas-edler.de%2Fgrafik%2Fblog_2008%2F20080831_sender_hf.kmz&amp;ie=UTF8&amp;s=AARTsJq48j3dtny33dCvox-0-S68Cn_8jA&amp;ll=52.175195,8.732758&amp;spn=0.126325,0.171661&amp;z=11&amp;output=embed\" frameborder=\"0\" height=\"300\" scrolling=\"no\" width=\"250\"><\/iframe><br \/>\n<small><a href=\"http:\/\/maps.google.de\/maps?f=q&amp;hl=de&amp;geocode=&amp;q=http:%2F%2Fwww.andreas-edler.de%2Fgrafik%2Fblog_2008%2F20080831_sender_hf.kmz&amp;ie=UTF8&amp;ll=52.175195,8.732758&amp;spn=0.126325,0.171661&amp;z=11&amp;source=embed\" style=\"color: rgb(0, 0, 255); text-align: left;\">Gr\u00f6\u00dfere Kartenansicht<\/a><\/small><\/div>\n<p>Nach dem Stre\u00df &#8211; mich regt so eine Steuererkl\u00e4rung echt immer auf, auch wenn es nur ein paar Zahlen sind &#8211; musste ich mich entspannen. Wetter gut, also raus. Wieder mit den schmalen Reifen, werde nur Stra\u00dfe fahren.<\/p>\n<p>Es waren ziemlich wenig Leute auf der Stra\u00dfe und ausgerechnet dann begegnen mir tats\u00e4chlich mal Leute auf dem Radweg hoch zum Club Steinegge auf der Lohe. Da habe ich sonst au\u00dfer mir noch nie jemanden erlebt. Und ich gestehe, dass ich diesen Weg bergauf auch genutzt habe. Wenn man langsam unterwegs ist &#8211; und das bin ich bergauf &#8211; und aufpasst, dann geht&#8217;s. Neulich in die andere Richtung habe ich mich geh\u00fctet, dort zu fahren. Die vielen Knicke und Verschwenkungen sind mit mehr als 20 Km\/h echt nicht zu nehmen.<\/p>\n<p>Oben dann rechts ab auf den &#8222;Portablick&#8220;. Ern\u00fcchterung. Welcher Stoffel hat den Weg bitte sch\u00f6n komplett gesplittet? Ich hatte echt Angst um meine Reifen. Und zu fahren war&#8217;s auch beschissen. Ich hatte den Weg eigentlich ganz gut befahrbar in Erinnerung. Heute war er&#8217;s nicht. Nach ca. 1 Kilometer ist der Spuk aber vorbei und der Asphalt wieder sichtbar und glatt. Von dort oben geht&#8217;s direkt r\u00fcber zum Sender in Herford.<\/p>\n<p style=\"text-align: center;\"><img decoding=\"async\" src=\"http:\/\/www.andreas-edler.de\/grafik\/blog_2008\/20080831_rotor.jpg\" alt=\"\" border=\"0\" width=\"470\"><\/p>\n<p>Von da oben hat man ein super Blick. Wei\u00df aber nicht nur ich, sondern die Mengen die dort oben grillen und feiern auch. Ist immer was los, wenn es nicht gerade Katzen hagelt. Runter kommen sie immer &#8230; aber ich traue mich echt nicht mehr schneller als 60 zu fahren. 85 war das schnellste, was ich diesen H\u00fcgel runter drauf hatte. Da mu\u00df ich besoffen gewesen sein.<\/p>\n<p>Den R\u00fcckweg habe ich \u00fcber Schweicheln gelegt. Der von Herford in die Richtung f\u00fchrende, linksseitige Radweg ist \u00fcber und \u00fcber mit Scherbensplittern von irgendwelchen besoffenen Torfk\u00f6ppen \u00fcbers\u00e4t und war nicht benutzbar. Nach ein paar hundert Metern bin ich entnervt auf die Fahrban gewechselt. Ab da war&#8217;s dann wieder angenehm. Bevor ich in Kirchlengern war, bin ich rechts ab nach L\u00f6hne rein gefahren und von dort zur Aqua-Magica, wo mich der Rest der Familie bei den poetischen Quellen erwartete.<\/p>\n<p style=\"text-align: center;\"><img decoding=\"async\" src=\"http:\/\/www.andreas-edler.de\/grafik\/blog_2008\/20080831_poetische_quellen.jpg\" alt=\"\" border=\"0\" width=\"470\"><\/p>\n<p>F\u00fcr den Kleinen war die Diskussion dort unten jedoch nichts und so vergn\u00fcgten er und ein anderer Junge sich damit, die steile B\u00f6schung herunter zu kugeln und wieder rauf zu klettern. Die folgende Vorstellung haben wir uns nicht angeh\u00f6rt, weil daf\u00fcr 5 Euro aufgerufen wurden. N\u00f6, dann lieber nach Hause und den <a href=\"http:\/\/nochmehrsenf.blogspot.com\/2008\/08\/sommergrillen.html\">Grill anwerfen<\/a>. Sch\u00f6n auf der gerupften Terrasse sitzen, W\u00fcrstchen, Fleisch und <a href=\"http:\/\/nochmehrsenf.blogspot.com\/2008\/08\/das-erste-mal-fisch-gegrillt.html\">erstmals gegrillten Fisch<\/a> genie\u00dfen. Wie erwartet alles super lecker. Und die Kalorien der vorangegangen Radtour sind so schnell wieder auf den H\u00fcften :-)<\/p>\n<p>41 Km | 23 Km\/h Schnitt | 63 Km\/h max. | 370 H\u00f6henmeter<\/p>\n","protected":false},"excerpt":{"rendered":"<p>Gr\u00f6\u00dfere Kartenansicht Nach dem Stre\u00df &#8211; mich regt so eine Steuererkl\u00e4rung echt immer auf, auch wenn es nur ein paar Zahlen sind &#8211; musste ich mich entspannen. Wetter gut, also raus. Wieder mit den schmalen Reifen, werde nur Stra\u00dfe fahren. &hellip;<\/p>\n<p class=\"read-more\"> <a class=\"more-link\" href=\"https:\/\/www.andreas-edler.de\/blog\/2008\/08\/nach-herford\/\"> <span class=\"screen-reader-text\">nach Herford<\/span> Weiterlesen &raquo;<\/a><\/p>\n","protected":false},"author":1,"featured_media":0,"comment_status":"open","ping_status":"open","sticky":false,"template":"","format":"standard","meta":{"ngg_post_thumbnail":0,"activitypub_content_warning":"","activitypub_content_visibility":"","activitypub_max_image_attachments":2,"activitypub_interaction_policy_quote":"anyone","activitypub_status":"","footnotes":""},"categories":[15],"tags":[55,5,53],"class_list":["post-6331","post","type-post","status-publish","format-standard","hentry","category-fahrrad","tag-grillen","tag-unterwegs","tag-wetter"],"share_on_mastodon":{"url":"","error":""},"_links":{"self":[{"href":"https:\/\/www.andreas-edler.de\/blog\/wp-json\/wp\/v2\/posts\/6331","targetHints":{"allow":["GET"]}}],"collection":[{"href":"https:\/\/www.andreas-edler.de\/blog\/wp-json\/wp\/v2\/posts"}],"about":[{"href":"https:\/\/www.andreas-edler.de\/blog\/wp-json\/wp\/v2\/types\/post"}],"author":[{"embeddable":true,"href":"https:\/\/www.andreas-edler.de\/blog\/wp-json\/wp\/v2\/users\/1"}],"replies":[{"embeddable":true,"href":"https:\/\/www.andreas-edler.de\/blog\/wp-json\/wp\/v2\/comments?post=6331"}],"version-history":[{"count":0,"href":"https:\/\/www.andreas-edler.de\/blog\/wp-json\/wp\/v2\/posts\/6331\/revisions"}],"wp:attachment":[{"href":"https:\/\/www.andreas-edler.de\/blog\/wp-json\/wp\/v2\/media?parent=6331"}],"wp:term":[{"taxonomy":"category","embeddable":true,"href":"https:\/\/www.andreas-edler.de\/blog\/wp-json\/wp\/v2\/categories?post=6331"},{"taxonomy":"post_tag","embeddable":true,"href":"https:\/\/www.andreas-edler.de\/blog\/wp-json\/wp\/v2\/tags?post=6331"}],"curies":[{"name":"wp","href":"https:\/\/api.w.org\/{rel}","templated":true}]}}