{"id":6288,"date":"2008-08-06T13:36:00","date_gmt":"2008-08-06T12:36:00","guid":{"rendered":"http:\/\/www.andreas-edler.de\/blog\/2008\/08\/wer-ist-fahrradbeauftragter\/"},"modified":"2023-07-12T15:24:24","modified_gmt":"2023-07-12T13:24:24","slug":"wer-ist-fahrradbeauftragter","status":"publish","type":"post","link":"https:\/\/www.andreas-edler.de\/blog\/2008\/08\/wer-ist-fahrradbeauftragter\/","title":{"rendered":"Wer ist Fahrradbeauftragter?"},"content":{"rendered":"<p>Das habe ich die Stadt auf schon gefragt. Das letzte Mal in einer Mail am 24.07.2008. Antwort habe ich darauf nicht bekommen. Und da stehe ich nicht so ganz allein da. Bisher hat niemand auf diese Frage eine Antwort bekommen, auch wenn die Person angeblich bereits seit Ende Mai fest steht.<\/p>\n<p>Seit dem Runden Tisch &#8222;Fahrradfreundliche Stadt&#8220; Anfang des Jahres sind viele Dinge beschlossen wurden, die einem interessierten Radler die Haare zu Berge stehen lassen. Auf Nachfragen zu sicherheitsrelevanten M\u00e4ngeln bekommt man keine Antwort &#8211; zumindest bisher nicht und schon gar nicht in der vom B\u00fcrgermeister vollmundig versprochenen 10-Tage-Frist. Und innerhalb des Rates herrscht augenscheinlich auch Ratlosigkeit. Denn &#8222;Die Gr\u00fcnen&#8220; stellen die Frage nach dem Fahrradbeauftragten heute in der Neuen Westf\u00e4lischen ebenfalls.<\/p>\n<p style=\"text-align:center;\"><img decoding=\"async\" src=\"http:\/\/www.andreas-edler.de\/grafik\/blog_2008\/20080806_fahrradbeauftragter.gif\" width=\"470\" border=\"0\" alt=\"\"><\/p>\n<p>Meine Vermutungen von direkt nach dem Runden Tisch scheinen sich zu best\u00e4tigen. Da wurde versucht mit einem popul\u00e4ren Thema Stimmung zu machen und man hat sich geh\u00f6rig erschrocken, dass andere Dinge gefordert wurden, als man eigentlich bejubelt haben wollte. Eine ganz traurige Vorstellung, die die Stadt da gibt. <\/p>\n","protected":false},"excerpt":{"rendered":"<p>Das habe ich die Stadt auf schon gefragt. Das letzte Mal in einer Mail am 24.07.2008. Antwort habe ich darauf nicht bekommen. Und da stehe ich nicht so ganz allein da. Bisher hat niemand auf diese Frage eine Antwort bekommen, &hellip;<\/p>\n<p class=\"read-more\"> <a class=\"more-link\" href=\"https:\/\/www.andreas-edler.de\/blog\/2008\/08\/wer-ist-fahrradbeauftragter\/\"> <span class=\"screen-reader-text\">Wer ist Fahrradbeauftragter?<\/span> Weiterlesen &raquo;<\/a><\/p>\n","protected":false},"author":1,"featured_media":0,"comment_status":"open","ping_status":"open","sticky":false,"template":"","format":"standard","meta":{"ngg_post_thumbnail":0,"activitypub_content_warning":"","activitypub_content_visibility":"","activitypub_max_image_attachments":2,"activitypub_interaction_policy_quote":"anyone","activitypub_status":"","footnotes":""},"categories":[14,15,45,13],"tags":[110,352,168,59,378,72],"class_list":["post-6288","post","type-post","status-publish","format-standard","hentry","category-bad-oeynhausen","category-fahrrad","category-politik","category-verkehr","tag-fahrradfreundliche-stadt","tag-gruene","tag-klimafreundliche-mobilitaet","tag-presse","tag-runder-tisch","tag-verwaltung"],"share_on_mastodon":{"url":"","error":""},"_links":{"self":[{"href":"https:\/\/www.andreas-edler.de\/blog\/wp-json\/wp\/v2\/posts\/6288","targetHints":{"allow":["GET"]}}],"collection":[{"href":"https:\/\/www.andreas-edler.de\/blog\/wp-json\/wp\/v2\/posts"}],"about":[{"href":"https:\/\/www.andreas-edler.de\/blog\/wp-json\/wp\/v2\/types\/post"}],"author":[{"embeddable":true,"href":"https:\/\/www.andreas-edler.de\/blog\/wp-json\/wp\/v2\/users\/1"}],"replies":[{"embeddable":true,"href":"https:\/\/www.andreas-edler.de\/blog\/wp-json\/wp\/v2\/comments?post=6288"}],"version-history":[{"count":0,"href":"https:\/\/www.andreas-edler.de\/blog\/wp-json\/wp\/v2\/posts\/6288\/revisions"}],"wp:attachment":[{"href":"https:\/\/www.andreas-edler.de\/blog\/wp-json\/wp\/v2\/media?parent=6288"}],"wp:term":[{"taxonomy":"category","embeddable":true,"href":"https:\/\/www.andreas-edler.de\/blog\/wp-json\/wp\/v2\/categories?post=6288"},{"taxonomy":"post_tag","embeddable":true,"href":"https:\/\/www.andreas-edler.de\/blog\/wp-json\/wp\/v2\/tags?post=6288"}],"curies":[{"name":"wp","href":"https:\/\/api.w.org\/{rel}","templated":true}]}}