{"id":6274,"date":"2008-07-29T06:59:00","date_gmt":"2008-07-29T05:59:00","guid":{"rendered":"http:\/\/www.andreas-edler.de\/blog\/2008\/07\/verschwendung\/"},"modified":"2008-07-29T06:59:00","modified_gmt":"2008-07-29T05:59:00","slug":"verschwendung","status":"publish","type":"post","link":"https:\/\/www.andreas-edler.de\/blog\/2008\/07\/verschwendung\/","title":{"rendered":"Verschwendung"},"content":{"rendered":"<p><cite><b><a href=\"http:\/\/www.nw-news.de\/nw\/lokale_news\/bad_oeynhausen\/bad_oeynhausen\/?cnt=2490484\">Sonderflug f\u00fcr die Stadtwerke<\/a><\/b> &#8211; NW vom 29.07.2008<br \/><b>Landrat und Steuerzahlerbund wollen Aufkl\u00e4rung, warum zweimal Luftbilder von der Stadt gemacht wurden<\/b><br \/>&#8230; &#8222;Wir arbeiten b\u00fcrgerfreundlich und wollen daher so schnell wie m\u00f6glich rechtsverbindliche Bescheide verschicken.&#8220; Den 1. Januar 2009 nennt er als Stichtag f\u00fcr sein &#8222;ambitioniertes Ziel&#8220;. Das man, so r\u00e4umt er ein, eben nur durch zus\u00e4tzliche Ausgaben erreichen k\u00f6nne. 20.000 Euro kostet der Sonderflug &#8230;<\/cite> Offensichtlich ist Herr Oepen ganz schnell bei der Sache, wenn er sehr viel von meinem Geld ausgeben kann, um nachher von mir noch mehr Geld einzutreiben. Wenn es aber darum geht, Sicherheitsm\u00e4ngel, die in seinem Zust\u00e4ndigkeitsbereich entstanden sind, mit geringem Aufwand zu beseitigen, dann <a href=\"http:\/\/www.andreas-edler.de\/2008\/02\/abgesenkter-bordstein-der.php\">wartet der B\u00fcrger 3 Monate auf eine Reaktion<\/a> der b\u00fcrgerfreundlichen Stadtwerke und es <a href=\"http:\/\/www.andreas-edler.de\/2008\/04\/abgefrst.php\">dauert danach noch einmal 2 Monate<\/a> bis etwas passiert.<\/p>\n<p>Irgendjemand hat da das Gef\u00fchl f\u00fcr Verh\u00e4ltnism\u00e4\u00dfigkeit verloren. Au\u00dferdem mu\u00df ganz offensichtlich noch einmal \u00fcber die Definition von &#8222;freundlich&#8220; geredet werden.<\/p>\n","protected":false},"excerpt":{"rendered":"<p>Sonderflug f\u00fcr die Stadtwerke &#8211; NW vom 29.07.2008Landrat und Steuerzahlerbund wollen Aufkl\u00e4rung, warum zweimal Luftbilder von der Stadt gemacht wurden&#8230; &#8222;Wir arbeiten b\u00fcrgerfreundlich und wollen daher so schnell wie m\u00f6glich rechtsverbindliche Bescheide verschicken.&#8220; Den 1. Januar 2009 nennt er als &hellip;<\/p>\n<p class=\"read-more\"> <a class=\"more-link\" href=\"https:\/\/www.andreas-edler.de\/blog\/2008\/07\/verschwendung\/\"> <span class=\"screen-reader-text\">Verschwendung<\/span> Weiterlesen &raquo;<\/a><\/p>\n","protected":false},"author":1,"featured_media":0,"comment_status":"open","ping_status":"open","sticky":false,"template":"","format":"standard","meta":{"ngg_post_thumbnail":0,"activitypub_content_warning":"","activitypub_content_visibility":"","activitypub_max_image_attachments":2,"activitypub_interaction_policy_quote":"anyone","activitypub_status":"","footnotes":""},"categories":[14,18],"tags":[66],"class_list":["post-6274","post","type-post","status-publish","format-standard","hentry","category-bad-oeynhausen","category-fraglich","tag-mecker"],"share_on_mastodon":{"url":"","error":""},"_links":{"self":[{"href":"https:\/\/www.andreas-edler.de\/blog\/wp-json\/wp\/v2\/posts\/6274","targetHints":{"allow":["GET"]}}],"collection":[{"href":"https:\/\/www.andreas-edler.de\/blog\/wp-json\/wp\/v2\/posts"}],"about":[{"href":"https:\/\/www.andreas-edler.de\/blog\/wp-json\/wp\/v2\/types\/post"}],"author":[{"embeddable":true,"href":"https:\/\/www.andreas-edler.de\/blog\/wp-json\/wp\/v2\/users\/1"}],"replies":[{"embeddable":true,"href":"https:\/\/www.andreas-edler.de\/blog\/wp-json\/wp\/v2\/comments?post=6274"}],"version-history":[{"count":0,"href":"https:\/\/www.andreas-edler.de\/blog\/wp-json\/wp\/v2\/posts\/6274\/revisions"}],"wp:attachment":[{"href":"https:\/\/www.andreas-edler.de\/blog\/wp-json\/wp\/v2\/media?parent=6274"}],"wp:term":[{"taxonomy":"category","embeddable":true,"href":"https:\/\/www.andreas-edler.de\/blog\/wp-json\/wp\/v2\/categories?post=6274"},{"taxonomy":"post_tag","embeddable":true,"href":"https:\/\/www.andreas-edler.de\/blog\/wp-json\/wp\/v2\/tags?post=6274"}],"curies":[{"name":"wp","href":"https:\/\/api.w.org\/{rel}","templated":true}]}}