{"id":6268,"date":"2008-07-27T14:01:00","date_gmt":"2008-07-27T13:01:00","guid":{"rendered":"http:\/\/www.andreas-edler.de\/blog\/2008\/07\/mit-dem-ausenspiegel-beruhrt\/"},"modified":"2008-07-27T14:01:00","modified_gmt":"2008-07-27T13:01:00","slug":"mit-dem-ausenspiegel-beruhrt","status":"publish","type":"post","link":"https:\/\/www.andreas-edler.de\/blog\/2008\/07\/mit-dem-ausenspiegel-beruhrt\/","title":{"rendered":"Mit dem Au\u00dfenspiegel ber\u00fchrt"},"content":{"rendered":"<p><cite><b><a href=\"http:\/\/www.presseportal.de\/polizeipresse\/pm\/52656\/1235720\/polizei_warendorf\"> Radfahrerin beim Verkehrsunfall schwer verletzt<\/a><\/b> Warendorf (ots)<br \/>Am 27.07.2008, gegen 11:56 Uhr, ereignete sich in Warendorf, Dr.-Rau-Alle, ein Verkehrsunfall, bei dem eine 21-j\u00e4hrige Radfahrerin Warendorf schwer verletzt wurde. Zur Unfallzeit befuhr sie den Radweg der Dr.-Rau-Allee in Richtung Innenstadt. Hierbei wurde sie von einem von hinten kommenden Pkw eines 75-j\u00e4hrigen Fahrers aus Warendorf mit dem rechten Au\u00dfenspiegel am Lenker ber\u00fchrt. Dadurch verlor die Radfahrerin das Gleichgewicht und st\u00fcrzte zu Boden. <\/cite> Wo bitte ist denn der Autofahrer unterwegs gewesen bzw. was f\u00fcr monstr\u00f6se Au\u00dfenspiegel hatte der montiert?<\/p>\n","protected":false},"excerpt":{"rendered":"<p>Radfahrerin beim Verkehrsunfall schwer verletzt Warendorf (ots)Am 27.07.2008, gegen 11:56 Uhr, ereignete sich in Warendorf, Dr.-Rau-Alle, ein Verkehrsunfall, bei dem eine 21-j\u00e4hrige Radfahrerin Warendorf schwer verletzt wurde. Zur Unfallzeit befuhr sie den Radweg der Dr.-Rau-Allee in Richtung Innenstadt. Hierbei wurde &hellip;<\/p>\n<p class=\"read-more\"> <a class=\"more-link\" href=\"https:\/\/www.andreas-edler.de\/blog\/2008\/07\/mit-dem-ausenspiegel-beruhrt\/\"> <span class=\"screen-reader-text\">Mit dem Au\u00dfenspiegel ber\u00fchrt<\/span> Weiterlesen &raquo;<\/a><\/p>\n","protected":false},"author":1,"featured_media":0,"comment_status":"open","ping_status":"open","sticky":false,"template":"","format":"standard","meta":{"ngg_post_thumbnail":0,"activitypub_content_warning":"","activitypub_content_visibility":"","activitypub_max_image_attachments":2,"activitypub_interaction_policy_quote":"anyone","activitypub_status":"","footnotes":""},"categories":[15,13],"tags":[],"class_list":["post-6268","post","type-post","status-publish","format-standard","hentry","category-fahrrad","category-verkehr"],"share_on_mastodon":{"url":"","error":""},"_links":{"self":[{"href":"https:\/\/www.andreas-edler.de\/blog\/wp-json\/wp\/v2\/posts\/6268","targetHints":{"allow":["GET"]}}],"collection":[{"href":"https:\/\/www.andreas-edler.de\/blog\/wp-json\/wp\/v2\/posts"}],"about":[{"href":"https:\/\/www.andreas-edler.de\/blog\/wp-json\/wp\/v2\/types\/post"}],"author":[{"embeddable":true,"href":"https:\/\/www.andreas-edler.de\/blog\/wp-json\/wp\/v2\/users\/1"}],"replies":[{"embeddable":true,"href":"https:\/\/www.andreas-edler.de\/blog\/wp-json\/wp\/v2\/comments?post=6268"}],"version-history":[{"count":0,"href":"https:\/\/www.andreas-edler.de\/blog\/wp-json\/wp\/v2\/posts\/6268\/revisions"}],"wp:attachment":[{"href":"https:\/\/www.andreas-edler.de\/blog\/wp-json\/wp\/v2\/media?parent=6268"}],"wp:term":[{"taxonomy":"category","embeddable":true,"href":"https:\/\/www.andreas-edler.de\/blog\/wp-json\/wp\/v2\/categories?post=6268"},{"taxonomy":"post_tag","embeddable":true,"href":"https:\/\/www.andreas-edler.de\/blog\/wp-json\/wp\/v2\/tags?post=6268"}],"curies":[{"name":"wp","href":"https:\/\/api.w.org\/{rel}","templated":true}]}}