{"id":6234,"date":"2008-07-07T18:16:00","date_gmt":"2008-07-07T17:16:00","guid":{"rendered":"http:\/\/www.andreas-edler.de\/blog\/2008\/07\/kartbahn-und-zuruck-2\/"},"modified":"2008-07-07T18:16:00","modified_gmt":"2008-07-07T17:16:00","slug":"kartbahn-und-zuruck-2","status":"publish","type":"post","link":"https:\/\/www.andreas-edler.de\/blog\/2008\/07\/kartbahn-und-zuruck-2\/","title":{"rendered":"Kartbahn und zur\u00fcck"},"content":{"rendered":"<p>Gestern fr\u00fchabends bin ich noch schnell auf&#8217;s Rad, einmal bis zur Kartbahn und zur\u00fcck. Ich hatte echt nicht damit gerechnet, dass noch so viele Leute unterwegs waren. Der Himmel sah doch eher nach Regengu\u00df aus und genau das war ja auch gemeldet. Bis Kirchlengern bin ich s\u00fcdlich der Werre am Ufer entlang gefahren. Da ist der Weg etwas breiter &#8211; aber auch frequentierter. Mit Joggern kommt man erfahrungsgem\u00e4\u00df gut klar, fast alle Spazierg\u00e4nger waren gestern pflegeleicht und sogar die &#8222;Ich fahr&#8216; Sonntags auch mal Rad&#8220;-Touristen haben sich am Riemen gerissen.<\/p>\n<p>Wer aber \u00fcberhaupt nicht ging, waren die Hundebesitzer. Ich bin offensichtlich zur bestern Austrittzeit unterwegs gewesen, anders kann ich mir nicht erkl\u00e4ren, dass soviele Vierbeiner unterwegs waren. Teilweise hat ein Aufpasser drei Hunde dabei gehabt. Und von diesen Aufpassern gab es exakt zwei Sorten: die, die alle Tiere frei rumlaufen lie\u00dfen und auf Klingelzeichen mit wildem Rumgewinke und -geschrei reagierten und diejenigen, die die T\u00f6len angeleint hatten, dabei aber die Leine grunds\u00e4tzlich quer \u00fcber den Weg spannten. Ja, das ist Klischee, aber genau so war&#8217;s!<\/p>\n<p>Was reitet solche Vollpfosten? Das ist gef\u00e4hrlich. Und einsichtig war nat\u00fcrlich auch niemand. Nicht dass ich auch nur einen Ton gesagt h\u00e4tte, aber auf mein mi\u00dfmutiges Kopfsch\u00fctteln hin, gab&#8217;s schon mehrfach Mecker. Was die wohl sagen, wenn ich so einen Bettvorleger mal richtig erwische? Und was ich dann wohl sage? Die denken echt nicht von 12 bis mittag.<\/p>\n<p>Zur\u00fcck bin ich dann n\u00f6rdlich der Werre gefahren. Schmalerer Weg, holpriger, aber weniger Leute. Und das Mountainbike hat die Unebenheiten auch sch\u00f6n weggesteckt. Damit kann man solche &#8222;Radwanderwege&#8220; wirklich z\u00fcgig fahren. Streckenweise deutlich \u00fcber 30 und trotzdem keine Ger\u00fcttel in den Armen. Mit dem Sub f\u00fchlt sich das <b>*deutlich*<\/b> anders an.<\/p>\n<p>28 Km | 26 Km\/h Schnitt | 36 Km\/h max. | 90 H\u00f6henmeter<\/p>\n","protected":false},"excerpt":{"rendered":"<p>Gestern fr\u00fchabends bin ich noch schnell auf&#8217;s Rad, einmal bis zur Kartbahn und zur\u00fcck. Ich hatte echt nicht damit gerechnet, dass noch so viele Leute unterwegs waren. Der Himmel sah doch eher nach Regengu\u00df aus und genau das war ja &hellip;<\/p>\n<p class=\"read-more\"> <a class=\"more-link\" href=\"https:\/\/www.andreas-edler.de\/blog\/2008\/07\/kartbahn-und-zuruck-2\/\"> <span class=\"screen-reader-text\">Kartbahn und zur\u00fcck<\/span> Weiterlesen &raquo;<\/a><\/p>\n","protected":false},"author":1,"featured_media":0,"comment_status":"open","ping_status":"open","sticky":false,"template":"","format":"standard","meta":{"ngg_post_thumbnail":0,"activitypub_content_warning":"","activitypub_content_visibility":"","activitypub_max_image_attachments":2,"activitypub_interaction_policy_quote":"anyone","activitypub_status":"","footnotes":""},"categories":[15],"tags":[],"class_list":["post-6234","post","type-post","status-publish","format-standard","hentry","category-fahrrad"],"share_on_mastodon":{"url":"","error":""},"_links":{"self":[{"href":"https:\/\/www.andreas-edler.de\/blog\/wp-json\/wp\/v2\/posts\/6234","targetHints":{"allow":["GET"]}}],"collection":[{"href":"https:\/\/www.andreas-edler.de\/blog\/wp-json\/wp\/v2\/posts"}],"about":[{"href":"https:\/\/www.andreas-edler.de\/blog\/wp-json\/wp\/v2\/types\/post"}],"author":[{"embeddable":true,"href":"https:\/\/www.andreas-edler.de\/blog\/wp-json\/wp\/v2\/users\/1"}],"replies":[{"embeddable":true,"href":"https:\/\/www.andreas-edler.de\/blog\/wp-json\/wp\/v2\/comments?post=6234"}],"version-history":[{"count":0,"href":"https:\/\/www.andreas-edler.de\/blog\/wp-json\/wp\/v2\/posts\/6234\/revisions"}],"wp:attachment":[{"href":"https:\/\/www.andreas-edler.de\/blog\/wp-json\/wp\/v2\/media?parent=6234"}],"wp:term":[{"taxonomy":"category","embeddable":true,"href":"https:\/\/www.andreas-edler.de\/blog\/wp-json\/wp\/v2\/categories?post=6234"},{"taxonomy":"post_tag","embeddable":true,"href":"https:\/\/www.andreas-edler.de\/blog\/wp-json\/wp\/v2\/tags?post=6234"}],"curies":[{"name":"wp","href":"https:\/\/api.w.org\/{rel}","templated":true}]}}