{"id":6215,"date":"2008-06-24T21:11:00","date_gmt":"2008-06-24T20:11:00","guid":{"rendered":"http:\/\/www.andreas-edler.de\/blog\/2008\/06\/parkplatz-bei-burger-king\/"},"modified":"2008-06-24T21:11:00","modified_gmt":"2008-06-24T20:11:00","slug":"parkplatz-bei-burger-king","status":"publish","type":"post","link":"https:\/\/www.andreas-edler.de\/blog\/2008\/06\/parkplatz-bei-burger-king\/","title":{"rendered":"Parkplatz bei Burger King"},"content":{"rendered":"<div class=\"bild\"><img decoding=\"async\" src=\"http:\/\/www.andreas-edler.de\/grafik\/blog_2008\/20080624_burger_king.jpg\" width=\"250\" border=\"0\" alt=\"\"><\/div>\n<p> Nach der anstrengenden Radtour ging&#8217;s ans Gutscheine einl\u00f6sen beim Discounter. H\u00e4hnchennuggets mit Pommes z\u00e4hlt zu Tims Leibgerichten und ich bin &#8217;nem Burger nicht abgeneigt. Mit dem Auto kann man dort auch prima parken. Mit dem Rad im Prinzip auch, wenn ich es einfach da abstelle, wo es mir passt.<\/p>\n<p>Aber ich gucke ja erst, wie&#8217;s gedacht ist. Und die Betreiber des Esstempel denken sich, dass Radfahrer ruhig etwas laufen d\u00fcrfen. W\u00e4hrend anderswo die Abstellanlagen f\u00fcr Fahrr\u00e4der nah an der Eingangst\u00fcr sind, steht man bei Burger King in der zweiten Reihe. Auf der Fl\u00e4che eines(!) KFZ-Stellplatzes sind einige brauchbare Abschlie\u00dfb\u00fcgel aufgebaut. Nicht in der Mitte des Parkplatzes, wo der Fu\u00dfweg w\u00e4re, nein direkt an der Fahrbahn, wo man beim Hantieren mit dem Rad beim Abschlie\u00dfen oder Taschen abnehmen auch noch auf seinen Hintern aufpassen mu\u00df.<\/p>\n<p>Das ist verbesserungsf\u00e4hig. Vor allen Dingen, da direkt vor der T\u00fcr links zwei KFZ-Stellpl\u00e4tze sind, die ideal f\u00fcr Fahrr\u00e4der genutzt werden k\u00f6nnten.<\/p>\n","protected":false},"excerpt":{"rendered":"<p>Nach der anstrengenden Radtour ging&#8217;s ans Gutscheine einl\u00f6sen beim Discounter. H\u00e4hnchennuggets mit Pommes z\u00e4hlt zu Tims Leibgerichten und ich bin &#8217;nem Burger nicht abgeneigt. Mit dem Auto kann man dort auch prima parken. Mit dem Rad im Prinzip auch, wenn &hellip;<\/p>\n<p class=\"read-more\"> <a class=\"more-link\" href=\"https:\/\/www.andreas-edler.de\/blog\/2008\/06\/parkplatz-bei-burger-king\/\"> <span class=\"screen-reader-text\">Parkplatz bei Burger King<\/span> Weiterlesen &raquo;<\/a><\/p>\n","protected":false},"author":1,"featured_media":0,"comment_status":"open","ping_status":"open","sticky":false,"template":"","format":"standard","meta":{"ngg_post_thumbnail":0,"activitypub_content_warning":"","activitypub_content_visibility":"","activitypub_max_image_attachments":2,"activitypub_interaction_policy_quote":"anyone","activitypub_status":"","footnotes":""},"categories":[15],"tags":[33],"class_list":["post-6215","post","type-post","status-publish","format-standard","hentry","category-fahrrad","tag-service"],"share_on_mastodon":{"url":"","error":""},"_links":{"self":[{"href":"https:\/\/www.andreas-edler.de\/blog\/wp-json\/wp\/v2\/posts\/6215","targetHints":{"allow":["GET"]}}],"collection":[{"href":"https:\/\/www.andreas-edler.de\/blog\/wp-json\/wp\/v2\/posts"}],"about":[{"href":"https:\/\/www.andreas-edler.de\/blog\/wp-json\/wp\/v2\/types\/post"}],"author":[{"embeddable":true,"href":"https:\/\/www.andreas-edler.de\/blog\/wp-json\/wp\/v2\/users\/1"}],"replies":[{"embeddable":true,"href":"https:\/\/www.andreas-edler.de\/blog\/wp-json\/wp\/v2\/comments?post=6215"}],"version-history":[{"count":0,"href":"https:\/\/www.andreas-edler.de\/blog\/wp-json\/wp\/v2\/posts\/6215\/revisions"}],"wp:attachment":[{"href":"https:\/\/www.andreas-edler.de\/blog\/wp-json\/wp\/v2\/media?parent=6215"}],"wp:term":[{"taxonomy":"category","embeddable":true,"href":"https:\/\/www.andreas-edler.de\/blog\/wp-json\/wp\/v2\/categories?post=6215"},{"taxonomy":"post_tag","embeddable":true,"href":"https:\/\/www.andreas-edler.de\/blog\/wp-json\/wp\/v2\/tags?post=6215"}],"curies":[{"name":"wp","href":"https:\/\/api.w.org\/{rel}","templated":true}]}}