{"id":6181,"date":"2008-05-31T08:04:00","date_gmt":"2008-05-31T07:04:00","guid":{"rendered":"http:\/\/www.andreas-edler.de\/blog\/2008\/05\/aufbauarbeiten\/"},"modified":"2013-11-02T15:14:22","modified_gmt":"2013-11-02T14:14:22","slug":"aufbauarbeiten","status":"publish","type":"post","link":"https:\/\/www.andreas-edler.de\/blog\/2008\/05\/aufbauarbeiten\/","title":{"rendered":"Aufbauarbeiten"},"content":{"rendered":"<p>Das Haus ist sauber, der Garten halbwegs adrett. Ich bin gerade dabei meterweise Kabel f\u00fcr die Lautsprecher im Garten quer durch den Keller zu legen. Und dann mu\u00df ich mir was \u00fcberlegen um den zweiten Verst\u00e4rker im Wohnzimmer unter zu bringen Hoffentlich h\u00e4lt das Wetter! Ist sicher angenehmer bei dem schw\u00fclen Wetter drau\u00dfen auf dem Rasen zu stehen oder zu sitzen, als im Haus. Au\u00dferdem grillt sich&#8217;s trocken besser!<\/p>\n<p style=\"text-align:center;\"><img decoding=\"async\" src=\"http:\/\/www.andreas-edler.de\/grafik\/blog_2008\/20080531_garten.jpg\" width=\"470\" border=\"0\" alt=\"\"><\/p>\n","protected":false},"excerpt":{"rendered":"<p>Das Haus ist sauber, der Garten halbwegs adrett. Ich bin gerade dabei meterweise Kabel f\u00fcr die Lautsprecher im Garten quer durch den Keller zu legen. Und dann mu\u00df ich mir was \u00fcberlegen um den zweiten Verst\u00e4rker im Wohnzimmer unter zu &hellip;<\/p>\n<p class=\"read-more\"> <a class=\"more-link\" href=\"https:\/\/www.andreas-edler.de\/blog\/2008\/05\/aufbauarbeiten\/\"> <span class=\"screen-reader-text\">Aufbauarbeiten<\/span> Weiterlesen &raquo;<\/a><\/p>\n","protected":false},"author":1,"featured_media":0,"comment_status":"open","ping_status":"open","sticky":false,"template":"","format":"standard","meta":{"ngg_post_thumbnail":0,"activitypub_content_warning":"","activitypub_content_visibility":"","activitypub_max_image_attachments":2,"activitypub_interaction_policy_quote":"anyone","activitypub_status":"","footnotes":""},"categories":[1],"tags":[21],"class_list":["post-6181","post","type-post","status-publish","format-standard","hentry","category-allgemein","tag-feier"],"share_on_mastodon":{"url":"","error":""},"_links":{"self":[{"href":"https:\/\/www.andreas-edler.de\/blog\/wp-json\/wp\/v2\/posts\/6181","targetHints":{"allow":["GET"]}}],"collection":[{"href":"https:\/\/www.andreas-edler.de\/blog\/wp-json\/wp\/v2\/posts"}],"about":[{"href":"https:\/\/www.andreas-edler.de\/blog\/wp-json\/wp\/v2\/types\/post"}],"author":[{"embeddable":true,"href":"https:\/\/www.andreas-edler.de\/blog\/wp-json\/wp\/v2\/users\/1"}],"replies":[{"embeddable":true,"href":"https:\/\/www.andreas-edler.de\/blog\/wp-json\/wp\/v2\/comments?post=6181"}],"version-history":[{"count":0,"href":"https:\/\/www.andreas-edler.de\/blog\/wp-json\/wp\/v2\/posts\/6181\/revisions"}],"wp:attachment":[{"href":"https:\/\/www.andreas-edler.de\/blog\/wp-json\/wp\/v2\/media?parent=6181"}],"wp:term":[{"taxonomy":"category","embeddable":true,"href":"https:\/\/www.andreas-edler.de\/blog\/wp-json\/wp\/v2\/categories?post=6181"},{"taxonomy":"post_tag","embeddable":true,"href":"https:\/\/www.andreas-edler.de\/blog\/wp-json\/wp\/v2\/tags?post=6181"}],"curies":[{"name":"wp","href":"https:\/\/api.w.org\/{rel}","templated":true}]}}