{"id":6179,"date":"2008-05-30T20:51:00","date_gmt":"2008-05-30T19:51:00","guid":{"rendered":"http:\/\/www.andreas-edler.de\/blog\/2008\/05\/fahrradfreundlich\/"},"modified":"2010-04-08T06:58:44","modified_gmt":"2010-04-08T05:58:44","slug":"fahrradfreundlich","status":"publish","type":"post","link":"https:\/\/www.andreas-edler.de\/blog\/2008\/05\/fahrradfreundlich\/","title":{"rendered":"Fahrradfreundlich"},"content":{"rendered":"<p>Meine Erwiderung auf eine Mail an Vertreter des Runden Tisches &#8230; Sorry, falls das die fahrraduninteressierten Leser erm\u00fcdet. Morgen gibt es wieder was anderes :-) <cite>Schritt f\u00fcr Schritt kann nunmehr  hoffentlich begonnen werden, den B\u00fcrgerantrag mit Leben zu f\u00fcllen. Nicht nur eine Sache nach der anderen, eine ganze Einstellung mu\u00df ge\u00e4ndert werden. &#8222;Fahrradfreundlich&#8220; werden ist nicht eins nach dem anderen, sondern ein ganzheitliches Selbstverst\u00e4ndnis.<br \/>\n<br \/>\nDeswegen auch die bisherige Verwunderung angesichts der erfolgten Beschl\u00fcsse, die getroffen wurden, nachdem Teile der beschlie\u00dfenden Politiker am Runden Tisch anwesend waren. Um solche Dinge vielleicht zur\u00fcck zu stellen und sie dann in absehbarer Zeit in ein Gesamtkonzept einzuplanen, braucht es keinen Fahrradbeauftragten &#8211; nicht wenn man so etwas Weitreichendes selbst initiert hat. Dies wurde inzwischen ja bereits teilweise einger\u00e4umt.<br \/>\n<br \/>\nAber es ist ja nun ein Anfang gemacht und ich denke, es wird auch weitergehen! Ich hoffe, dass &#8211; wie es Herr Gaidies angedeutet hat &#8211; der Runde Tisch nicht nur informiert, sondern auch geh\u00f6rt wird. Bevor Ma\u00dfnahmen beschlossen werden. Denn das ist der Sinn, wenn man eine solche Runde einberuft. Sonst besteht die Gefahr, dass genauso weiter gemacht wird wie bisher. Und das hat ja in der Vergangenheit &#8211; wie Sie am Runden Tisch ausgef\u00fchrt haben &#8211; nicht gereicht um fahrradfreundlich zu werden.<br \/>\n<br \/>\nFahrradfreundlich sind nicht in erster Linie die baulichen Einrichtungen &#8211; so wie es bisher in Bad Oeynhausen immer gesehen wurde. Die sind im \u00dcbrigen mengenm\u00e4\u00dfig absolut ausreichend &#8211; \u00fcber den Zustand kann man trefflich streiten :-) Freundlichkeit gegen\u00fcber anderen Verkehrsteilnehmern und Fahrradfahrern im Besonderen k\u00f6nnen jedoch nur die anderen Verkehrsteilnehmer zeigen. Und das gilt es zu erreichen.<br \/>\n<br \/>\nKonkrete Beispiele u.a. anhand der letzten Sitzung:<br \/>\n<br \/>\nIn der Ausschu\u00dfsitzung wurden die Durchschnittsgeschwindigkeiten u.a. der Werster Stra\u00dfe genannt. Knapp \u00fcber 50 Km\/ und da wird dann gesagt &#8222;Das ist in Ordnung, da darf man ja 50 fahren!&#8220; Das ist nat\u00fcrlich unrichtig, denn der Durchschnitt kann zufriedenstellend niemals h\u00f6her sein als das zul\u00e4ssige Maximum. In Klarschrift: auf der Werster Stra\u00dfe wird gerast.<br \/>\n<br \/>\nBezogen auf die Fahrradfahrer &#8211; und ich fahre sehr gerne auf der Werster Stra\u00dfe &#8211; bedeutet dies: der Kraftverkehr mu\u00df entschleunigt werden. Nicht die Fahrradfahrer m\u00fcssen aus dem Sichtfeld der Kraftfahrzeuge genommen werden. Das provoziert n\u00e4mlich genau solche Unf\u00e4lle wie den mit dem 13j\u00e4hrigen Jungen vor einigen Tagen.<br \/>\n<br \/>\nWarum hat in der Sitzung niemand darauf hingewiesen, dass auf dieser Stra\u00dfe unverst\u00e4ndlicherweise ein ca. 400 Meter langes Teilst\u00fcck mit 60 ausgeschildert ist? Das verleitet doch zum Beschleunigen. Vor dem Ortseingang aus L\u00f6hne kommend darf sogar 70 gefahren werden. Auch wieder nur f\u00fcr knapp einen Kilometer. Auf der Bergkirchener Stra\u00dfe waren die Durchschnittsgeschwindigkeiten ebenfalls zu hoch. Warum mu\u00df f\u00fcr knapp einen Kilometer aus Richtung Wulferdingsen 70 erlaubt sein? Warum mu\u00df das kurze St\u00fcck der L772 ab Volmerdingsen kommend mit 100 Km\/h befahren werden d\u00fcrfen. Da mu\u00df man sich doch nicht wundern, wenn es ab der Hedingsener Stra\u00dfe gef\u00e4hrlich wird &#8211; vor allen Dingen nicht, wenn man dann kurz darauf wieder 70 erlaubt.<br \/>\n<br \/>\nWarum wundert man sich \u00fcber 58 Km\/h Durchschnitt auf der Kirchbreite bei vorgeschriebener H\u00f6chstgeschwindigkeit 30, wenn die Beschilderung nicht einmal Einwohnern klar ist? Da fehlen zwei Schilder. Warum ist der D\u00f6rgen keine Rechts-vor-Links-Stra\u00dfe wie es in 30-Zonen eigentlich vorgeschrieben ist? Auch das ist eine Rennstrecke. Ja, ich kenne die &#8222;L\u00fccke&#8220; mit der dies gerechtfertigt wird. Das ist jedoch eine Kann-Verordnung. Man mu\u00df das nicht machen! Auf eine entsprechende Anfrage wurde mir mitgeteilt, die 30-Zone sei eine politische Entscheidung und &#8222;&#8230; dass die bauliche Gestaltung vieler Stra\u00dfen leider nicht immer den (Sicherheits-) W\u00fcnschen der Stra\u00dfenverkehrsbeh\u00f6rden entsprechen &#8230;&#8220;. Warum entscheidet die Politik, dass die Sicherheit au\u00dfen vor bleibt?<br \/>\n<br \/>\nNicht einmal 5.000 Fahrzeuge am Tag auf der Bergkirchener Stra\u00dfe in Werste und dort wurde ein linksseitig benutzungspflichtiger Radweg gebaut unter Verringerung der Fahrbahnbreite. Und der Gehweg auf der rechten Seite vergammelt. Gleiches wurde f\u00fcr die Oberbecksener Stra\u00dfe beschlossen &#8211; und ich wette, dort fahren weniger Fahrzeuge.<br \/>\n<br \/>\nUnd viele, viele Stellen mehr &#8230;<br \/>\n<br \/>\nDiese Dinge anzugehen sind ein VIEL gr\u00f6\u00dferer Schritt Richtung Fahrradfreundlichkeit, als es jeder &#8211; noch so gut gemeinte &#8211; Radweg ist.<br \/>\n<br \/>\nLeider bedeutet das, alte Z\u00f6pfe abzuschneiden. &#8222;Leider&#8220;, weil genau das die Schwierigkeit an der Sache ist.<br \/>\n<br \/>\nIch bin aber zuversichtlich, dass aus der Sache was wird!<br \/>\n<br \/>\nMit freundlichen Gr\u00fc\u00dfen<br \/>\n<br \/>\nAndreas Edler<\/cite><\/p>\n","protected":false},"excerpt":{"rendered":"<p>Meine Erwiderung auf eine Mail an Vertreter des Runden Tisches &#8230; Sorry, falls das die fahrraduninteressierten Leser erm\u00fcdet. Morgen gibt es wieder was anderes :-) Schritt f\u00fcr Schritt kann nunmehr hoffentlich begonnen werden, den B\u00fcrgerantrag mit Leben zu f\u00fcllen. Nicht &hellip;<\/p>\n<p class=\"read-more\"> <a class=\"more-link\" href=\"https:\/\/www.andreas-edler.de\/blog\/2008\/05\/fahrradfreundlich\/\"> <span class=\"screen-reader-text\">Fahrradfreundlich<\/span> Weiterlesen &raquo;<\/a><\/p>\n","protected":false},"author":1,"featured_media":0,"comment_status":"open","ping_status":"open","sticky":false,"template":"","format":"standard","meta":{"ngg_post_thumbnail":0,"activitypub_content_warning":"","activitypub_content_visibility":"","activitypub_max_image_attachments":2,"activitypub_interaction_policy_quote":"anyone","activitypub_status":"","footnotes":""},"categories":[14,15,45,13],"tags":[],"class_list":["post-6179","post","type-post","status-publish","format-standard","hentry","category-bad-oeynhausen","category-fahrrad","category-politik","category-verkehr"],"share_on_mastodon":{"url":"","error":""},"_links":{"self":[{"href":"https:\/\/www.andreas-edler.de\/blog\/wp-json\/wp\/v2\/posts\/6179","targetHints":{"allow":["GET"]}}],"collection":[{"href":"https:\/\/www.andreas-edler.de\/blog\/wp-json\/wp\/v2\/posts"}],"about":[{"href":"https:\/\/www.andreas-edler.de\/blog\/wp-json\/wp\/v2\/types\/post"}],"author":[{"embeddable":true,"href":"https:\/\/www.andreas-edler.de\/blog\/wp-json\/wp\/v2\/users\/1"}],"replies":[{"embeddable":true,"href":"https:\/\/www.andreas-edler.de\/blog\/wp-json\/wp\/v2\/comments?post=6179"}],"version-history":[{"count":0,"href":"https:\/\/www.andreas-edler.de\/blog\/wp-json\/wp\/v2\/posts\/6179\/revisions"}],"wp:attachment":[{"href":"https:\/\/www.andreas-edler.de\/blog\/wp-json\/wp\/v2\/media?parent=6179"}],"wp:term":[{"taxonomy":"category","embeddable":true,"href":"https:\/\/www.andreas-edler.de\/blog\/wp-json\/wp\/v2\/categories?post=6179"},{"taxonomy":"post_tag","embeddable":true,"href":"https:\/\/www.andreas-edler.de\/blog\/wp-json\/wp\/v2\/tags?post=6179"}],"curies":[{"name":"wp","href":"https:\/\/api.w.org\/{rel}","templated":true}]}}