{"id":6175,"date":"2008-05-27T19:49:00","date_gmt":"2008-05-27T17:49:00","guid":{"rendered":"http:\/\/www.andreas-edler.de\/blog\/2008\/05\/radler-nicht-erwunscht\/"},"modified":"2019-03-04T16:41:33","modified_gmt":"2019-03-04T15:41:33","slug":"radler-nicht-erwuenscht","status":"publish","type":"post","link":"https:\/\/www.andreas-edler.de\/blog\/2008\/05\/radler-nicht-erwuenscht\/","title":{"rendered":"Radler nicht erw\u00fcnscht"},"content":{"rendered":"<div class=\"bild\"><img decoding=\"async\" src=\"http:\/\/www.andreas-edler.de\/grafik\/blog_2008\/20080527_willkommen_in_oeynhausen.jpg\" width=\"250\" border=\"0\" alt=\"Wegweiser durch die Innenstadt von Bad Oeynhausen\"><br \/>voll freundlich<\/div>\n<p> <a href=\"http:\/\/www.rad-oeynhausen.de\/html\/fahrradfreundliche_stadt.html\">Ulrich Wehmeier<\/a> lie\u00df mich fragen, ob ich die neuen Pfosten auf dem Weserradweg schon gesehen h\u00e4tte. Hatte ich noch nicht und ich konnte mir ehrlich gesagt auch nicht vorstellen, dass man da <b>noch mehr<\/b> Durchfahrtsverhinderer aufbauen w\u00fcrde. Also nach der Arbeit in den Sattel und nach Rehme. Nach dem \u00dcberfahren der Ku\u00dfbr\u00fccke habe ich das erste mal bewusst den Wegweiser durch die Innenstadt wahrgenommen. Dass Vandalen den so beschmieren, dazu kann die Stadt nichts. Aber was soll der weisen? Radfahrtechnisch interessantes gibt es wahrlich nicht darauf zu entdecken. Dann kann er auch gleich weg &#8211; dient ja sowieso nur als Tafelersatz f\u00fcr sp\u00e4tpubert\u00e4re Halbstarke.<\/p>\n<p>Egal, wollte ja Pfosten sehen. Die ersten kommen bekannterma\u00dfen <a href=\"http:\/\/www.andreas-edler.de\/rad_bad_oeynhausen_weserradweg_schilder_poller.php\">ungef\u00e4hr am Beginn des Sportplatzes<\/a>. Da durch und schon ist man am gro\u00dfen Parkplatz an der F\u00e4hre Amanda. Und da sieht man die Phalanx auch schon in voller Pracht.<\/p>\n<p style=\"text-align:center;\"><img decoding=\"async\" src=\"http:\/\/www.andreas-edler.de\/grafik\/blog_2008\/20080527_anleger_rehme_poller.jpg\" width=\"470\" border=\"0\" alt=\"Pfeiler im Weg\"><\/p>\n<p> Was soll das denn? Ich fasse mir an den Kopf und bin angesichts der <a href=\"http:\/\/www.andreas-edler.de\/2008\/05\/unerhrte-radler.php\">Diskussion um den Runden Tisch f\u00fcr eine fahrradfreundliche Stadt<\/a> fassungslos. Vor <a href=\"http:\/\/www.andreas-edler.de\/2006\/08\/der-radweg-am-ende-der-woche.php\">fast zwei Jahren hat die Stadt von dem Unsinn der Pfosten<\/a> Kenntnis bekommen &#8211; und versprach  damals sogar &#8211; wenn auch partielle &#8211; Besserung. Ist nichts draus geworden. Und nun das! Man will ganz offensichtlich nicht, dass der Weserradweg bestimmungsgem\u00e4\u00df benutzt werden kann. Wem bringen diese Pfeiler etwas?<\/p>\n<p>Ich kann nur mutma\u00dfen, man m\u00f6chte damit verhindern, dass Autos um die Ecke fahren um auf oder vom Parkplatz zu gelangen. Und damit man Autofahrer ja nicht \u00fcber Geb\u00fchr strapaziert, w\u00e4lzt man das auf die Radfahrer ab und b\u00fcrdet ihnen erh\u00f6hte Aufmerksamkeit auf. Auf einem der besten St\u00fccke eines der besten Radwanderwege Deutschlands baut man auf 500 Meter Wegstrecke vier Barrieren aus Sperrpfosten. Ich kann es nicht verstehen! Es ist doch gerade in Porta <a href=\"http:\/\/www.andreas-edler.de\/2008\/05\/polizeipresseberichte-mit-radfahrern.php\">ein \u00e4lterer Herr auf dem Weserradweg an solch einem Pfeiler h\u00e4ngen geblieben<\/a>. M\u00f6chte Bad Oeynhausen auch mit solchen Meldungen in die Zeitung? Prima Werbung!<\/p>\n<p style=\"text-align:center;\"><img decoding=\"async\" src=\"http:\/\/www.andreas-edler.de\/grafik\/blog_2008\/20080527_anleger_rehme_poller_2.jpg\" width=\"470\" border=\"0\" alt=\"\"><\/p>\n<p> Denn was passiert nun? Die Autofahrer sehen die Poller und was kann man vor Pollern machen? Parken! Darf man ja eh nicht durch fahren. Es wird nicht lange dauern und der Radweg ist dort von parkenden Autos zugestellt. [Update: <a href=\"https:\/\/www.andreas-edler.de\/blog\/2009\/04\/mobile-eisdielen\/\">Ich hatte Recht!<\/a>] Man kann dann ja dann aus dem Auto sogar auf die Weser schauen!<\/p>\n<p>Warum stellt man die Pfeiler nicht in einer Verl\u00e4ngerung zum Zaun am Sportplatz entlang auf? Der Parkplatz ist dann genauso gro\u00df wie bisher, der Radweg ist frei und es kann auch niemand mehr um die Ecke fahren. W\u00e4ren die 5 Pfeiler mehr mal wieder nicht im Budget gewesen? Leute, so wird das nichts!<\/p>\n","protected":false},"excerpt":{"rendered":"<p>voll freundlich Ulrich Wehmeier lie\u00df mich fragen, ob ich die neuen Pfosten auf dem Weserradweg schon gesehen h\u00e4tte. Hatte ich noch nicht und ich konnte mir ehrlich gesagt auch nicht vorstellen, dass man da noch mehr Durchfahrtsverhinderer aufbauen w\u00fcrde. Also &hellip;<\/p>\n<p class=\"read-more\"> <a class=\"more-link\" href=\"https:\/\/www.andreas-edler.de\/blog\/2008\/05\/radler-nicht-erwuenscht\/\"> <span class=\"screen-reader-text\">Radler nicht erw\u00fcnscht<\/span> Weiterlesen &raquo;<\/a><\/p>\n","protected":false},"author":1,"featured_media":0,"comment_status":"open","ping_status":"open","sticky":false,"template":"","format":"standard","meta":{"ngg_post_thumbnail":0,"activitypub_content_warning":"","activitypub_content_visibility":"","activitypub_max_image_attachments":2,"activitypub_interaction_policy_quote":"anyone","activitypub_status":"","footnotes":""},"categories":[14,15,18,13],"tags":[110,251,207,108,301],"class_list":["post-6175","post","type-post","status-publish","format-standard","hentry","category-bad-oeynhausen","category-fahrrad","category-fraglich","category-verkehr","tag-fahrradfreundliche-stadt","tag-infrastruktur","tag-radweg","tag-radwegparker","tag-weserradweg"],"share_on_mastodon":{"url":"","error":""},"_links":{"self":[{"href":"https:\/\/www.andreas-edler.de\/blog\/wp-json\/wp\/v2\/posts\/6175","targetHints":{"allow":["GET"]}}],"collection":[{"href":"https:\/\/www.andreas-edler.de\/blog\/wp-json\/wp\/v2\/posts"}],"about":[{"href":"https:\/\/www.andreas-edler.de\/blog\/wp-json\/wp\/v2\/types\/post"}],"author":[{"embeddable":true,"href":"https:\/\/www.andreas-edler.de\/blog\/wp-json\/wp\/v2\/users\/1"}],"replies":[{"embeddable":true,"href":"https:\/\/www.andreas-edler.de\/blog\/wp-json\/wp\/v2\/comments?post=6175"}],"version-history":[{"count":0,"href":"https:\/\/www.andreas-edler.de\/blog\/wp-json\/wp\/v2\/posts\/6175\/revisions"}],"wp:attachment":[{"href":"https:\/\/www.andreas-edler.de\/blog\/wp-json\/wp\/v2\/media?parent=6175"}],"wp:term":[{"taxonomy":"category","embeddable":true,"href":"https:\/\/www.andreas-edler.de\/blog\/wp-json\/wp\/v2\/categories?post=6175"},{"taxonomy":"post_tag","embeddable":true,"href":"https:\/\/www.andreas-edler.de\/blog\/wp-json\/wp\/v2\/tags?post=6175"}],"curies":[{"name":"wp","href":"https:\/\/api.w.org\/{rel}","templated":true}]}}