{"id":6161,"date":"2008-05-16T22:56:00","date_gmt":"2008-05-16T21:56:00","guid":{"rendered":"http:\/\/www.andreas-edler.de\/blog\/2008\/05\/radwege-termin\/"},"modified":"2008-05-16T22:56:00","modified_gmt":"2008-05-16T21:56:00","slug":"radwege-termin","status":"publish","type":"post","link":"https:\/\/www.andreas-edler.de\/blog\/2008\/05\/radwege-termin\/","title":{"rendered":"Radwege-Termin"},"content":{"rendered":"<div class=\"bild\"><img decoding=\"async\" src=\"http:\/\/www.andreas-edler.de\/grafik\/blog_2008\/20080516_weserradweg.gif\" width=\"250\" border=\"0\" alt=\"\"><\/div>\n<p> Tja, das war ja klar. Entgegen allen Ratschl\u00e4gen der extra zu einem runden Tisch eingeladenen Kundigen wird entschieden, viel Geld f\u00fcr nichts auszugeben. Es ist wie \u00fcblich in Bad Oeynhausen. Genau das haben wir heute auch bei einem Termin in der Redaktion der Neuen Westf\u00e4lischen erz\u00e4hlt. Bin mal gespannt, was daraus wird.<\/p>\n<p>Ich h\u00e4tte nicht wenig Lust, morgen bei der <a href=\"http:\/\/www.spd-badoeynhausen.de\/index.php?nr=11642&#038;menu=1\">SPD-Radtour<\/a> mit zu fahren &#8211; aber das Wetter sieht schon arg na\u00df aus. Entscheide ich morgen spontan. Vielleicht kann mir auf so einer Tour ja jemand erkl\u00e4ren, was die ein oder andere Regelung bringen soll &#8230;<\/p>\n","protected":false},"excerpt":{"rendered":"<p>Tja, das war ja klar. Entgegen allen Ratschl\u00e4gen der extra zu einem runden Tisch eingeladenen Kundigen wird entschieden, viel Geld f\u00fcr nichts auszugeben. Es ist wie \u00fcblich in Bad Oeynhausen. Genau das haben wir heute auch bei einem Termin in &hellip;<\/p>\n<p class=\"read-more\"> <a class=\"more-link\" href=\"https:\/\/www.andreas-edler.de\/blog\/2008\/05\/radwege-termin\/\"> <span class=\"screen-reader-text\">Radwege-Termin<\/span> Weiterlesen &raquo;<\/a><\/p>\n","protected":false},"author":1,"featured_media":0,"comment_status":"open","ping_status":"open","sticky":false,"template":"","format":"standard","meta":{"ngg_post_thumbnail":0,"activitypub_content_warning":"","activitypub_content_visibility":"","activitypub_max_image_attachments":2,"activitypub_interaction_policy_quote":"anyone","activitypub_status":"","footnotes":""},"categories":[14,15,13],"tags":[],"class_list":["post-6161","post","type-post","status-publish","format-standard","hentry","category-bad-oeynhausen","category-fahrrad","category-verkehr"],"share_on_mastodon":{"url":"","error":""},"_links":{"self":[{"href":"https:\/\/www.andreas-edler.de\/blog\/wp-json\/wp\/v2\/posts\/6161","targetHints":{"allow":["GET"]}}],"collection":[{"href":"https:\/\/www.andreas-edler.de\/blog\/wp-json\/wp\/v2\/posts"}],"about":[{"href":"https:\/\/www.andreas-edler.de\/blog\/wp-json\/wp\/v2\/types\/post"}],"author":[{"embeddable":true,"href":"https:\/\/www.andreas-edler.de\/blog\/wp-json\/wp\/v2\/users\/1"}],"replies":[{"embeddable":true,"href":"https:\/\/www.andreas-edler.de\/blog\/wp-json\/wp\/v2\/comments?post=6161"}],"version-history":[{"count":0,"href":"https:\/\/www.andreas-edler.de\/blog\/wp-json\/wp\/v2\/posts\/6161\/revisions"}],"wp:attachment":[{"href":"https:\/\/www.andreas-edler.de\/blog\/wp-json\/wp\/v2\/media?parent=6161"}],"wp:term":[{"taxonomy":"category","embeddable":true,"href":"https:\/\/www.andreas-edler.de\/blog\/wp-json\/wp\/v2\/categories?post=6161"},{"taxonomy":"post_tag","embeddable":true,"href":"https:\/\/www.andreas-edler.de\/blog\/wp-json\/wp\/v2\/tags?post=6161"}],"curies":[{"name":"wp","href":"https:\/\/api.w.org\/{rel}","templated":true}]}}