{"id":6158,"date":"2008-05-14T21:36:00","date_gmt":"2008-05-14T20:36:00","guid":{"rendered":"http:\/\/www.andreas-edler.de\/blog\/2008\/05\/medientrends-und-mediennutzungsverhalten-2008-bis-2010\/"},"modified":"2013-11-02T15:14:23","modified_gmt":"2013-11-02T14:14:23","slug":"medientrends-und-mediennutzungsverhalten-2008-bis-2010","status":"publish","type":"post","link":"https:\/\/www.andreas-edler.de\/blog\/2008\/05\/medientrends-und-mediennutzungsverhalten-2008-bis-2010\/","title":{"rendered":"Medientrends und Mediennutzungsverhalten 2008 bis 2010"},"content":{"rendered":"<p>So war der Vortrag bei der IHK Bielefeld am heutigen Nachmittag \u00fcberschrieben. Es sollte \u00fcber Entwicklungen und Ausblicke bei Ausgaben f\u00fcr Medien und zum Nutzungsverhalten derselben referriert werden. H\u00f6rte sich f\u00fcr mich erstmal interessant an, angemeldet.<\/p>\n<p>Es waren tats\u00e4chlich etliche Zuh\u00f6rer gekommen, haupts\u00e4chlich aus dem Marketing-Bereich, ganz wenige IT-Dienstleister. Und ich kleines Licht ;-)<\/p>\n<p>Allerdings gefiel mir der Hauptvortrag gar nicht und ich kann auch nicht so Recht erkennen, was daran f\u00fcr die Anwesenden neu sein k\u00f6nnte. Wenn was neu war, d\u00fcrften sie nicht in dem Bereich t\u00e4tig sein. Einige der vorgetragenen Dinge waren sogar &#8230; naja .. . fragw\u00fcrdig.<\/p>\n<p>Dass StudiVZ f\u00fcr den &#8222;Aufstieg&#8220; von Web 2.0 verantwortlich ist, habe ich hoffentlich falsch verstanden. Die sp\u00e4ter erw\u00e4hnten Nutzungszahlen will ich wohl glauben. Daraus zu schlie\u00dfen, dass w\u00e4re marketingtechnisch das dollste Ding, ist IMHO gewagt. SchuelerVZ und StudiVZ wurden als die reichweitenst\u00e4rksten Seiten genannt. Wobei die reinen Besucherzahlen niedriger als bei anderen Sites waren &#8211; lediglich die Pageimpressions sind hoch. Daraus kann ich f\u00fcr mich jetzt nur ableiten, dass wenige User viele Seiten anklicken. Daraus abzuleiten, dass man dort gut werben k\u00f6nne .. naja. AdBlock und Konsorten kannte der Referrent wohl nicht. Auf die Datenschutzdiskussion die beiden Seiten betreffend ging er nur insofern ein, als er erw\u00e4hnte, dass man der Weitergabe der Adressdaten &#8222;mal zustimmen musste&#8220; und das viele getan h\u00e4tten. Ein kritisches Thema ziemlich oberfl\u00e4chlich und grinsend angerissen. <\/p>\n<p>Ein breites L\u00e4cheln hatte der Referrent die ganze Zeit, auch als er die 83 Millionen erw\u00e4hnte, die Holtzbrinck an die 3 Gr\u00fcnder gezahlt hat. Eine tolle Erfolgsstory &#8211; wie ebay. Dass ebenso dieses Jahr verk\u00fcndet wurde, man werde dieses Jahr mit <a href=\"http:\/\/blogbar.de\/archiv\/2008\/05\/08\/verkauf-und-vermarktung-sozialer-bindungen\/\">StudiVZ keine Gewinne einfahren<\/a>, erfuhren die Zuh\u00f6rer nicht. Das im Gegenteil die User sogar gegen die Werbung dort rebellerien, wurde \u00fcbergrinst: <cite><b><a href=\"http:\/\/www.ftd.de\/technik\/medien_internet\/:Agenda%20Die%20Sorgen%20Zeitungsverleger\/349597.html\">FTD vom 29.04.2008<\/a><\/b><br \/>&#8230;Auch der Stuttgarter Holtzbrinck-Verlag ger\u00e4t auf dem eilig eingeschlagenen Kurs ins Onlinezeitalter ins Straucheln. Anfang vergangenen Jahres kaufte das Unternehmen f\u00fcr einen hohen zweistelligen Millionenbetrag das Netzwerkportal StudiVZ und baute es mit Sch\u00fclerVZ und MeinVZ zu einer Community-Familie aus. Doch das Modell, mit dem die Schwaben die angepeilten Erl\u00f6se erzielen wollen, geht nicht auf: Die Nutzer rebellieren gegen den Plan, Werbung in die Communitys einzubinden &#8230;<\/cite> Aber das ist ja auch alles schon von gestern. Web 2.0 war 2007 &#8230; 2008 ist IPTV und Mobile!<\/p>\n<p>H\u00e4h, was hat T-Home Entertain damit zu tun? Jedenfalls assoziere ich das mit IPTV. Es dauert etwas, bis ich begriffen habe, dass damit keinesfalls &#8222;richtiges&#8220; Fernsehen gemeint war, sondern kleine Filmchen auf der eigenen Homepage. Also einfaches Streaming. Ja, klar, das ist ein MEGA-Trend. Und Mobile-Werbung? Werbung auf Handys? Da wurde eine schicke, steile Kurve pr\u00e4sentiert mit Wachstumsraten im 200%-Bereich. Gleich mit dem Hinweis, dass das eine alte Studie aus 2006 sei, die Zahlen k\u00f6nnen *deutlich* anders sein, viel h\u00f6her!<\/p>\n<p>Richtig, oder viel niedriger. Genau wissen tut es keiner. Ich wei\u00df allerdings, dass keine Sau Werbung auf seinem Handy haben will. Bisher ist das eine Nullnummer und auch in Zukunft wollen die Leute &#8211; wenn sie schon mit dem Futzeldisplay ins Netz gehen (so wie ich) &#8211; Inhalte sehen und keine Werbung.<\/p>\n<p>Naja, danach habe ich ein wenig sorgf\u00e4ltiger zugeh\u00f6rt, weil mir bis dahin alles schon arg marketing-sch\u00f6n geredet war. Ehrlich gesagt ist mir da dann irgendwann der Faden verloren gegangen &#8211; und zumindest die Dame vor mir sch\u00fcttelte ab und an ebenfalls mit dem Kopf. Ich glaube nicht, dass sie irgendwas juckte. Was das Fazit und die Empfehlungen waren, habe ich nicht mit bekommen oder\/und verstanden. Dazu war das Thema wohl auch viel zu komplex und der Vortrag zu \u00fcberfrachtet, um in 1 1\/2 Stunden abgehandelt zu werden. Gegen Ende wirkte es wie ein Rennen durch die Folien &#8211; habe ich richtig geguckt und da stand anfangs 68 Powerpoint-Seiten?<\/p>\n<p>Die letzten 20 Minuten waren dann gut. Frau Heuwinkel von der IHK stellte <a href=\"http:\/\/www.dienstleister-ihk.de\/\">Dienstleister-Online<\/a> vor. Eine Plattform, auf der sich Dienstleister mit ihren Kernkompetenzen vorstellen k\u00f6nnen und dort passende Kunden finden &#8211; bzw. andersherum: die Kunden suchen dort den passenden Dienstleister und k\u00f6nnen die tats\u00e4chlich beendeten Projekte und die geleistete Arbeit dort bewerten. Macht Sinn. Sah gut aus und scheint zu funktionieren.<\/p>\n<p>Interessanter Nachmittag &#8211; so oder so :-) Die Organisation und der Ablauf hat mir gut gefallen. Inhaltlich konnte ich l\u00e4ngst nicht allem zustimmen, aber gut, die Seite mal geh\u00f6rt zu haben.<\/p>\n","protected":false},"excerpt":{"rendered":"<p>So war der Vortrag bei der IHK Bielefeld am heutigen Nachmittag \u00fcberschrieben. Es sollte \u00fcber Entwicklungen und Ausblicke bei Ausgaben f\u00fcr Medien und zum Nutzungsverhalten derselben referriert werden. H\u00f6rte sich f\u00fcr mich erstmal interessant an, angemeldet. Es waren tats\u00e4chlich etliche &hellip;<\/p>\n<p class=\"read-more\"> <a class=\"more-link\" href=\"https:\/\/www.andreas-edler.de\/blog\/2008\/05\/medientrends-und-mediennutzungsverhalten-2008-bis-2010\/\"> <span class=\"screen-reader-text\">Medientrends und Mediennutzungsverhalten 2008 bis 2010<\/span> Weiterlesen &raquo;<\/a><\/p>\n","protected":false},"author":1,"featured_media":0,"comment_status":"open","ping_status":"open","sticky":false,"template":"","format":"standard","meta":{"ngg_post_thumbnail":0,"activitypub_content_warning":"","activitypub_content_visibility":"","activitypub_max_image_attachments":2,"activitypub_interaction_policy_quote":"anyone","activitypub_status":"","footnotes":""},"categories":[1],"tags":[223,34,23,6],"class_list":["post-6158","post","type-post","status-publish","format-standard","hentry","category-allgemein","tag-werbung","tag-kommunikation","tag-medien","tag-web"],"share_on_mastodon":{"url":"","error":""},"_links":{"self":[{"href":"https:\/\/www.andreas-edler.de\/blog\/wp-json\/wp\/v2\/posts\/6158","targetHints":{"allow":["GET"]}}],"collection":[{"href":"https:\/\/www.andreas-edler.de\/blog\/wp-json\/wp\/v2\/posts"}],"about":[{"href":"https:\/\/www.andreas-edler.de\/blog\/wp-json\/wp\/v2\/types\/post"}],"author":[{"embeddable":true,"href":"https:\/\/www.andreas-edler.de\/blog\/wp-json\/wp\/v2\/users\/1"}],"replies":[{"embeddable":true,"href":"https:\/\/www.andreas-edler.de\/blog\/wp-json\/wp\/v2\/comments?post=6158"}],"version-history":[{"count":0,"href":"https:\/\/www.andreas-edler.de\/blog\/wp-json\/wp\/v2\/posts\/6158\/revisions"}],"wp:attachment":[{"href":"https:\/\/www.andreas-edler.de\/blog\/wp-json\/wp\/v2\/media?parent=6158"}],"wp:term":[{"taxonomy":"category","embeddable":true,"href":"https:\/\/www.andreas-edler.de\/blog\/wp-json\/wp\/v2\/categories?post=6158"},{"taxonomy":"post_tag","embeddable":true,"href":"https:\/\/www.andreas-edler.de\/blog\/wp-json\/wp\/v2\/tags?post=6158"}],"curies":[{"name":"wp","href":"https:\/\/api.w.org\/{rel}","templated":true}]}}