{"id":6134,"date":"2008-05-03T11:50:00","date_gmt":"2008-05-03T10:50:00","guid":{"rendered":"http:\/\/www.andreas-edler.de\/blog\/2008\/05\/dach-drauf-2\/"},"modified":"2008-05-03T11:50:00","modified_gmt":"2008-05-03T10:50:00","slug":"dach-drauf-2","status":"publish","type":"post","link":"https:\/\/www.andreas-edler.de\/blog\/2008\/05\/dach-drauf-2\/","title":{"rendered":"Dach drauf"},"content":{"rendered":"<p>Tims Sandkasten ist nun schon 3 1\/2 Jahre alt und die als Dach verbaute Folie ist nicht richtig lichtfest. Dementsprechend zeigten sich nun gro\u00dffl\u00e4chige Erm\u00fcdungserscheinungen &#8211; sprich: L\u00f6cher. So wie es gedacht war, auch bei leichtem Niesel im Sand spielen zu k\u00f6nnen, konnte Tim es nicht mehr nutzen. Runter damit.<\/p>\n<p style=\"text-align:center;\"><img decoding=\"async\" src=\"http:\/\/www.andreas-edler.de\/grafik\/blog_2008\/20080503_sandkasten_ohne_dach.jpg\" width=\"470\" border=\"0\" alt=\"\"><\/p>\n<p> Und gleich neue drauf. Das Spannen ist ein bi\u00dfchen doof. Aber halbwegs glatt und straff ist es trotzdem geworden. Bis wir den Sandkasten mangels Interesse abbauen k\u00f6nnen, wird das jetzt wohl halten.<\/p>\n<p style=\"text-align:center;\"><img decoding=\"async\" src=\"http:\/\/www.andreas-edler.de\/grafik\/blog_2008\/20080503_sandkasten_mit_dach.jpg\" width=\"470\" border=\"0\" alt=\"\"><\/p>\n","protected":false},"excerpt":{"rendered":"<p>Tims Sandkasten ist nun schon 3 1\/2 Jahre alt und die als Dach verbaute Folie ist nicht richtig lichtfest. Dementsprechend zeigten sich nun gro\u00dffl\u00e4chige Erm\u00fcdungserscheinungen &#8211; sprich: L\u00f6cher. So wie es gedacht war, auch bei leichtem Niesel im Sand spielen &hellip;<\/p>\n<p class=\"read-more\"> <a class=\"more-link\" href=\"https:\/\/www.andreas-edler.de\/blog\/2008\/05\/dach-drauf-2\/\"> <span class=\"screen-reader-text\">Dach drauf<\/span> Weiterlesen &raquo;<\/a><\/p>\n","protected":false},"author":1,"featured_media":0,"comment_status":"open","ping_status":"open","sticky":false,"template":"","format":"standard","meta":{"ngg_post_thumbnail":0,"activitypub_content_warning":"","activitypub_content_visibility":"","activitypub_max_image_attachments":2,"activitypub_interaction_policy_quote":"anyone","activitypub_status":"","footnotes":""},"categories":[22],"tags":[31,30],"class_list":["post-6134","post","type-post","status-publish","format-standard","hentry","category-basteln","tag-garten","tag-spielen"],"share_on_mastodon":{"url":"","error":""},"_links":{"self":[{"href":"https:\/\/www.andreas-edler.de\/blog\/wp-json\/wp\/v2\/posts\/6134","targetHints":{"allow":["GET"]}}],"collection":[{"href":"https:\/\/www.andreas-edler.de\/blog\/wp-json\/wp\/v2\/posts"}],"about":[{"href":"https:\/\/www.andreas-edler.de\/blog\/wp-json\/wp\/v2\/types\/post"}],"author":[{"embeddable":true,"href":"https:\/\/www.andreas-edler.de\/blog\/wp-json\/wp\/v2\/users\/1"}],"replies":[{"embeddable":true,"href":"https:\/\/www.andreas-edler.de\/blog\/wp-json\/wp\/v2\/comments?post=6134"}],"version-history":[{"count":0,"href":"https:\/\/www.andreas-edler.de\/blog\/wp-json\/wp\/v2\/posts\/6134\/revisions"}],"wp:attachment":[{"href":"https:\/\/www.andreas-edler.de\/blog\/wp-json\/wp\/v2\/media?parent=6134"}],"wp:term":[{"taxonomy":"category","embeddable":true,"href":"https:\/\/www.andreas-edler.de\/blog\/wp-json\/wp\/v2\/categories?post=6134"},{"taxonomy":"post_tag","embeddable":true,"href":"https:\/\/www.andreas-edler.de\/blog\/wp-json\/wp\/v2\/tags?post=6134"}],"curies":[{"name":"wp","href":"https:\/\/api.w.org\/{rel}","templated":true}]}}