{"id":6119,"date":"2008-04-26T13:35:00","date_gmt":"2008-04-26T12:35:00","guid":{"rendered":"http:\/\/www.andreas-edler.de\/blog\/2008\/04\/von-wegen-kabelkanale\/"},"modified":"2008-04-26T13:35:00","modified_gmt":"2008-04-26T12:35:00","slug":"von-wegen-kabelkanale","status":"publish","type":"post","link":"https:\/\/www.andreas-edler.de\/blog\/2008\/04\/von-wegen-kabelkanale\/","title":{"rendered":"Von wegen Kabelkan\u00e4le"},"content":{"rendered":"<div class=\"bild\"><img decoding=\"async\" src=\"http:\/\/www.andreas-edler.de\/grafik\/blog_2008\/20080426_fussleisten_2.jpg\" width=\"250\" border=\"0\" alt=\"\"><\/div>\n<p> Heute im Baumarkt stand ich vor den schn\u00f6den Kabelkan\u00e4len und \u00fcberlegte hin und her. Ergebnis war: wenn schon denn schon! Erst alles schick machen und dann so&#8217;n Plastikmist an die Wand d\u00fcbeln. Also doch ordentliche Fu\u00dfleisten mit der M\u00f6glichkeit, Kabel dahinter zu verstecken. Ist etwas aufw\u00e4ndiger zu montieren und nat\u00fcrlich gab&#8217;s im Praktiker zwar die Fu\u00dfleisten, aber die passenden Eckst\u00fccke mit Kabelf\u00fchrung fehlten. Da mu\u00df ich versuchen halbwegs ordentlich zu s\u00e4gen, damit die Ecken ansehnlich werden. Und weil 20%-Tag war, habe ich mir auch gleich zwei von den schicken Anschlu\u00dfterminals geg\u00f6nnt :-)<\/p>\n<p style=\"text-align:center;\"><img decoding=\"async\" src=\"http:\/\/www.andreas-edler.de\/grafik\/blog_2008\/20080426_fussleisten.jpg\" width=\"470\" border=\"0\" alt=\"\"><\/p>\n","protected":false},"excerpt":{"rendered":"<p>Heute im Baumarkt stand ich vor den schn\u00f6den Kabelkan\u00e4len und \u00fcberlegte hin und her. Ergebnis war: wenn schon denn schon! Erst alles schick machen und dann so&#8217;n Plastikmist an die Wand d\u00fcbeln. Also doch ordentliche Fu\u00dfleisten mit der M\u00f6glichkeit, Kabel &hellip;<\/p>\n<p class=\"read-more\"> <a class=\"more-link\" href=\"https:\/\/www.andreas-edler.de\/blog\/2008\/04\/von-wegen-kabelkanale\/\"> <span class=\"screen-reader-text\">Von wegen Kabelkan\u00e4le<\/span> Weiterlesen &raquo;<\/a><\/p>\n","protected":false},"author":1,"featured_media":0,"comment_status":"open","ping_status":"open","sticky":false,"template":"","format":"standard","meta":{"ngg_post_thumbnail":0,"activitypub_content_warning":"","activitypub_content_visibility":"","activitypub_max_image_attachments":2,"activitypub_interaction_policy_quote":"anyone","activitypub_status":"","footnotes":""},"categories":[22],"tags":[38],"class_list":["post-6119","post","type-post","status-publish","format-standard","hentry","category-basteln","tag-haus"],"share_on_mastodon":{"url":"","error":""},"_links":{"self":[{"href":"https:\/\/www.andreas-edler.de\/blog\/wp-json\/wp\/v2\/posts\/6119","targetHints":{"allow":["GET"]}}],"collection":[{"href":"https:\/\/www.andreas-edler.de\/blog\/wp-json\/wp\/v2\/posts"}],"about":[{"href":"https:\/\/www.andreas-edler.de\/blog\/wp-json\/wp\/v2\/types\/post"}],"author":[{"embeddable":true,"href":"https:\/\/www.andreas-edler.de\/blog\/wp-json\/wp\/v2\/users\/1"}],"replies":[{"embeddable":true,"href":"https:\/\/www.andreas-edler.de\/blog\/wp-json\/wp\/v2\/comments?post=6119"}],"version-history":[{"count":0,"href":"https:\/\/www.andreas-edler.de\/blog\/wp-json\/wp\/v2\/posts\/6119\/revisions"}],"wp:attachment":[{"href":"https:\/\/www.andreas-edler.de\/blog\/wp-json\/wp\/v2\/media?parent=6119"}],"wp:term":[{"taxonomy":"category","embeddable":true,"href":"https:\/\/www.andreas-edler.de\/blog\/wp-json\/wp\/v2\/categories?post=6119"},{"taxonomy":"post_tag","embeddable":true,"href":"https:\/\/www.andreas-edler.de\/blog\/wp-json\/wp\/v2\/tags?post=6119"}],"curies":[{"name":"wp","href":"https:\/\/api.w.org\/{rel}","templated":true}]}}