{"id":6111,"date":"2008-04-21T19:48:00","date_gmt":"2008-04-21T18:48:00","guid":{"rendered":"http:\/\/www.andreas-edler.de\/blog\/2008\/04\/malerarbeiten\/"},"modified":"2008-04-21T19:48:00","modified_gmt":"2008-04-21T18:48:00","slug":"malerarbeiten","status":"publish","type":"post","link":"https:\/\/www.andreas-edler.de\/blog\/2008\/04\/malerarbeiten\/","title":{"rendered":"Malerarbeiten"},"content":{"rendered":"<div class=\"bild\"><img decoding=\"async\" src=\"http:\/\/www.andreas-edler.de\/grafik\/blog_2008\/20080421_gemalert.jpg\" width=\"180\" border=\"0\" alt=\"\"><\/div>\n<p> Bi\u00dfchen Handarbeit macht mir nichts aus. Aber wenn ich eins nicht mag, dann sind das Malerarbeiten. Tapeten abknibbeln, neu kleben, streichen. Nicht meine Welt! <\/p>\n<p>Aber es mu\u00df ja weiter gehen. Alex hat heute nachmittag einen Elektrospachtel geliehen, mit dem wir dann den Teppichr\u00fccken vom Estrich getrennt haben. Danach noch ein bi\u00dfchen Feinarbeit und ich habe derweil die L\u00f6cher in den W\u00e4nden zugespachtelt.<\/p>\n<p>Und danach das Grauen: streichen &#8211; Decke. Mein Hauptspa\u00df :-( Aber gl\u00fccklicherweise ist es nur eine klitzekleine Decke, weil das meiste Dachschr\u00e4ge ist. Die angedachte Gaube haben wir erstmal verschoben, ist zum einen Genehmigungspflichtig und zum anderen sind wir uns nicht ganz schl\u00fcssig ob 2 x 2 Fenster oder 1 x 4 Fenster &#8230; Wie dem auch sei, die Decke ist klein und war nach einer Stunde sch\u00f6n wei\u00df. Sieht morgen hoffentlich noch genauso aus. Dann sind die W\u00e4nde dran. In hellgrau &#8230;<\/p>\n","protected":false},"excerpt":{"rendered":"<p>Bi\u00dfchen Handarbeit macht mir nichts aus. Aber wenn ich eins nicht mag, dann sind das Malerarbeiten. Tapeten abknibbeln, neu kleben, streichen. Nicht meine Welt! Aber es mu\u00df ja weiter gehen. Alex hat heute nachmittag einen Elektrospachtel geliehen, mit dem wir &hellip;<\/p>\n<p class=\"read-more\"> <a class=\"more-link\" href=\"https:\/\/www.andreas-edler.de\/blog\/2008\/04\/malerarbeiten\/\"> <span class=\"screen-reader-text\">Malerarbeiten<\/span> Weiterlesen &raquo;<\/a><\/p>\n","protected":false},"author":1,"featured_media":0,"comment_status":"open","ping_status":"open","sticky":false,"template":"","format":"standard","meta":{"ngg_post_thumbnail":0,"activitypub_content_warning":"","activitypub_content_visibility":"","activitypub_max_image_attachments":2,"activitypub_interaction_policy_quote":"anyone","activitypub_status":"","footnotes":""},"categories":[22],"tags":[38],"class_list":["post-6111","post","type-post","status-publish","format-standard","hentry","category-basteln","tag-haus"],"share_on_mastodon":{"url":"","error":""},"_links":{"self":[{"href":"https:\/\/www.andreas-edler.de\/blog\/wp-json\/wp\/v2\/posts\/6111","targetHints":{"allow":["GET"]}}],"collection":[{"href":"https:\/\/www.andreas-edler.de\/blog\/wp-json\/wp\/v2\/posts"}],"about":[{"href":"https:\/\/www.andreas-edler.de\/blog\/wp-json\/wp\/v2\/types\/post"}],"author":[{"embeddable":true,"href":"https:\/\/www.andreas-edler.de\/blog\/wp-json\/wp\/v2\/users\/1"}],"replies":[{"embeddable":true,"href":"https:\/\/www.andreas-edler.de\/blog\/wp-json\/wp\/v2\/comments?post=6111"}],"version-history":[{"count":0,"href":"https:\/\/www.andreas-edler.de\/blog\/wp-json\/wp\/v2\/posts\/6111\/revisions"}],"wp:attachment":[{"href":"https:\/\/www.andreas-edler.de\/blog\/wp-json\/wp\/v2\/media?parent=6111"}],"wp:term":[{"taxonomy":"category","embeddable":true,"href":"https:\/\/www.andreas-edler.de\/blog\/wp-json\/wp\/v2\/categories?post=6111"},{"taxonomy":"post_tag","embeddable":true,"href":"https:\/\/www.andreas-edler.de\/blog\/wp-json\/wp\/v2\/tags?post=6111"}],"curies":[{"name":"wp","href":"https:\/\/api.w.org\/{rel}","templated":true}]}}