{"id":6087,"date":"2008-04-05T16:52:00","date_gmt":"2008-04-05T15:52:00","guid":{"rendered":"http:\/\/www.andreas-edler.de\/blog\/2008\/04\/tims-erste-anlage\/"},"modified":"2008-04-05T16:52:00","modified_gmt":"2008-04-05T15:52:00","slug":"tims-erste-anlage","status":"publish","type":"post","link":"https:\/\/www.andreas-edler.de\/blog\/2008\/04\/tims-erste-anlage\/","title":{"rendered":"Tims erste Anlage"},"content":{"rendered":"<p>Insgesamt <a href=\"http:\/\/www.andreas-edler.de\/2007\/12\/neue-boxen.php\">3 Monate<\/a> habe ich an den Boxen f\u00fcr Tim rumgekl\u00fcngelt. Heute haben wir dann endlich umger\u00e4umt. Die Schr\u00e4nke aus meinem Jugendzimmer, welche bisher f\u00fcr <s>den gesammelten M\u00fcll<\/s> Handb\u00fccher und Elektronikersatzteile im Arbeitszimmer herhalten mussten, wurden leerger\u00e4umt und bei Tim aufgebaut. Der hat jetzt fast mein komplettes Zimmer bekommen. Die M\u00f6bel sind zwar schon mehr als 20 Jahre alt, aber auch nicht von IKEA sondern handgemacht von einer kleinen M\u00f6belbude um die Ecke. Das kann man auch mal transportieren, ohne dass es gleich auseinanderf\u00e4llt.<\/p>\n<p>Die Lautsprecher werden von meinem alten Pioneer SA-706 angetrieben, welcher Signale vom Akai CD-37 zugespielt bekommt. Das klingt in dem kleinen, stark bed\u00e4mpften, Zimmer deutlich besser als noch gestern abend im gro\u00dfen Wohnzimmer. Ich bin begeisterter als der kleine Junge. Der freut sich mehr \u00fcber die neuen M\u00f6bel :-)<\/p>\n<p>Und jetzt kann das Arbeitszimmer renoviert werden &#8230; Laminat oder Kork? Hm &#8230;<\/p>\n<p style=\"text-align:center;\"><img decoding=\"async\" src=\"http:\/\/www.andreas-edler.de\/grafik\/blog_2008\/20080405_kinder_anlage.jpg\" width=\"470\" border=\"0\" alt=\"\"><\/p>\n","protected":false},"excerpt":{"rendered":"<p>Insgesamt 3 Monate habe ich an den Boxen f\u00fcr Tim rumgekl\u00fcngelt. Heute haben wir dann endlich umger\u00e4umt. Die Schr\u00e4nke aus meinem Jugendzimmer, welche bisher f\u00fcr den gesammelten M\u00fcll Handb\u00fccher und Elektronikersatzteile im Arbeitszimmer herhalten mussten, wurden leerger\u00e4umt und bei Tim &hellip;<\/p>\n<p class=\"read-more\"> <a class=\"more-link\" href=\"https:\/\/www.andreas-edler.de\/blog\/2008\/04\/tims-erste-anlage\/\"> <span class=\"screen-reader-text\">Tims erste Anlage<\/span> Weiterlesen &raquo;<\/a><\/p>\n","protected":false},"author":1,"featured_media":0,"comment_status":"open","ping_status":"open","sticky":false,"template":"","format":"standard","meta":{"ngg_post_thumbnail":0,"activitypub_content_warning":"","activitypub_content_visibility":"","activitypub_max_image_attachments":2,"activitypub_interaction_policy_quote":"anyone","activitypub_status":"","footnotes":""},"categories":[22],"tags":[38,29],"class_list":["post-6087","post","type-post","status-publish","format-standard","hentry","category-basteln","tag-haus","tag-musik"],"share_on_mastodon":{"url":"","error":""},"_links":{"self":[{"href":"https:\/\/www.andreas-edler.de\/blog\/wp-json\/wp\/v2\/posts\/6087","targetHints":{"allow":["GET"]}}],"collection":[{"href":"https:\/\/www.andreas-edler.de\/blog\/wp-json\/wp\/v2\/posts"}],"about":[{"href":"https:\/\/www.andreas-edler.de\/blog\/wp-json\/wp\/v2\/types\/post"}],"author":[{"embeddable":true,"href":"https:\/\/www.andreas-edler.de\/blog\/wp-json\/wp\/v2\/users\/1"}],"replies":[{"embeddable":true,"href":"https:\/\/www.andreas-edler.de\/blog\/wp-json\/wp\/v2\/comments?post=6087"}],"version-history":[{"count":0,"href":"https:\/\/www.andreas-edler.de\/blog\/wp-json\/wp\/v2\/posts\/6087\/revisions"}],"wp:attachment":[{"href":"https:\/\/www.andreas-edler.de\/blog\/wp-json\/wp\/v2\/media?parent=6087"}],"wp:term":[{"taxonomy":"category","embeddable":true,"href":"https:\/\/www.andreas-edler.de\/blog\/wp-json\/wp\/v2\/categories?post=6087"},{"taxonomy":"post_tag","embeddable":true,"href":"https:\/\/www.andreas-edler.de\/blog\/wp-json\/wp\/v2\/tags?post=6087"}],"curies":[{"name":"wp","href":"https:\/\/api.w.org\/{rel}","templated":true}]}}