{"id":6086,"date":"2008-04-05T16:29:00","date_gmt":"2008-04-05T15:29:00","guid":{"rendered":"http:\/\/www.andreas-edler.de\/blog\/2008\/04\/tastatur\/"},"modified":"2023-09-04T14:45:32","modified_gmt":"2023-09-04T12:45:32","slug":"tastatur","status":"publish","type":"post","link":"https:\/\/www.andreas-edler.de\/blog\/2008\/04\/tastatur\/","title":{"rendered":"Infrarot-Tastatur Keysonic ACK-240"},"content":{"rendered":"<p>Vor ungef\u00e4hr 10 Jahren habe ich mir meine Keysonic ACK-240 gekauft. Weil ich was drahtloses brauchte und Infrarot damals wohl gerade &#8222;in&#8220; war. Die Tastatur ist zwar im herk\u00f6mmlichen Austerngrau gehalten, aber daf\u00fcr sch\u00f6n klein.<\/p>\n<p>Das Geh\u00e4use h\u00f6rt praktisch an den Tasten auf. Und allen Unkenrufen zum Trotz funktioniert Infrarot absolut problemlos. Aber 10 Jahre sind 10 Jahre. Der Anschlag wird langsam etwas wabbelig und ab und zu bleibt dann ein Zeichen auf der Strecke. Weil die Frau sich neulich \u00fcber den hygienischen Zustand des Tippger\u00e4tes mokierte, habe ich eben mal mit der Nagelb\u00fcrste auf den Kappen rumgeschrubbt. Sieht aus, wie aus dem Regal. Nur wabbelig ist sie immer noch.<\/p>\n<p style=\"text-align:center;\"><img decoding=\"async\" src=\"http:\/\/www.andreas-edler.de\/grafik\/blog_2008\/20080404_tastatur.jpg\" width=\"470\" border=\"0\" alt=\"\"><\/p>\n<p>Kennt jemand ad\u00e4quaten Ersatz? Aber die Anforderungen sind hoch! Irgendein Logitech-Geraffel kommt mir nicht auf den Tisch! Normale Tastengr\u00f6\u00dfe, keine verkappten Notebooktastaturen, 10er-Block, richtige Anordnung der Einf\/Entf\/Pos1\/Ende\/Bild auf und ab Tasten, Cursorblock, kein \u00fcberstehendes Geh\u00e4use und drahtlos. Silber\/schwarz w\u00e4re sch\u00f6n, mu\u00df aber nicht. Und ich will auf den Sondertasten keinen Apfel haben, sondern eine Fahne ;-) Au\u00dferdem benutze ich Print\/Screen des\u00f6fteren &#8230;<\/p>\n","protected":false},"excerpt":{"rendered":"<p>Vor ungef\u00e4hr 10 Jahren habe ich mir meine Keysonic ACK-240 gekauft. Weil ich was drahtloses brauchte und Infrarot damals wohl gerade &#8222;in&#8220; war. Die Tastatur ist zwar im herk\u00f6mmlichen Austerngrau gehalten, aber daf\u00fcr sch\u00f6n klein. Das Geh\u00e4use h\u00f6rt praktisch an &hellip;<\/p>\n<p class=\"read-more\"> <a class=\"more-link\" href=\"https:\/\/www.andreas-edler.de\/blog\/2008\/04\/tastatur\/\"> <span class=\"screen-reader-text\">Infrarot-Tastatur Keysonic ACK-240<\/span> Weiterlesen &raquo;<\/a><\/p>\n","protected":false},"author":1,"featured_media":0,"comment_status":"open","ping_status":"open","sticky":false,"template":"","format":"standard","meta":{"ngg_post_thumbnail":0,"activitypub_content_warning":"","activitypub_content_visibility":"","activitypub_max_image_attachments":2,"activitypub_interaction_policy_quote":"anyone","activitypub_status":"","footnotes":""},"categories":[22,1],"tags":[24,49,64,28],"class_list":["post-6086","post","type-post","status-publish","format-standard","hentry","category-basteln","category-allgemein","tag-computer","tag-hardware","tag-konsum","tag-test"],"share_on_mastodon":{"url":"","error":""},"_links":{"self":[{"href":"https:\/\/www.andreas-edler.de\/blog\/wp-json\/wp\/v2\/posts\/6086","targetHints":{"allow":["GET"]}}],"collection":[{"href":"https:\/\/www.andreas-edler.de\/blog\/wp-json\/wp\/v2\/posts"}],"about":[{"href":"https:\/\/www.andreas-edler.de\/blog\/wp-json\/wp\/v2\/types\/post"}],"author":[{"embeddable":true,"href":"https:\/\/www.andreas-edler.de\/blog\/wp-json\/wp\/v2\/users\/1"}],"replies":[{"embeddable":true,"href":"https:\/\/www.andreas-edler.de\/blog\/wp-json\/wp\/v2\/comments?post=6086"}],"version-history":[{"count":0,"href":"https:\/\/www.andreas-edler.de\/blog\/wp-json\/wp\/v2\/posts\/6086\/revisions"}],"wp:attachment":[{"href":"https:\/\/www.andreas-edler.de\/blog\/wp-json\/wp\/v2\/media?parent=6086"}],"wp:term":[{"taxonomy":"category","embeddable":true,"href":"https:\/\/www.andreas-edler.de\/blog\/wp-json\/wp\/v2\/categories?post=6086"},{"taxonomy":"post_tag","embeddable":true,"href":"https:\/\/www.andreas-edler.de\/blog\/wp-json\/wp\/v2\/tags?post=6086"}],"curies":[{"name":"wp","href":"https:\/\/api.w.org\/{rel}","templated":true}]}}