{"id":6074,"date":"2008-03-28T20:36:00","date_gmt":"2008-03-28T19:36:00","guid":{"rendered":"http:\/\/www.andreas-edler.de\/blog\/2008\/03\/keine-lust-runde\/"},"modified":"2008-03-28T20:36:00","modified_gmt":"2008-03-28T19:36:00","slug":"keine-lust-runde","status":"publish","type":"post","link":"https:\/\/www.andreas-edler.de\/blog\/2008\/03\/keine-lust-runde\/","title":{"rendered":"Keine-Lust-Runde"},"content":{"rendered":"<p>Wetter ist tr\u00fcb, tr\u00fcb, tr\u00fcb. Und windig &#8230; allerdings nicht mehr ganz so kalt. Und nach dem leckeren Sauerkraut mit Kartoffelbrei regte sich das schlechte Gewissen und ich musste *endlich* mal wieder raus. Vor allen Dingen, da ich im Kopf die diesj\u00e4hrige kleine Tour plane und vorher wenigstens ein paar Kilometer in den Beinen haben will. Diesmal wohl ganz allein, nachdem letztes Jahr &#8230; naja, Schwamm dr\u00fcber *g* Lust hatte ich heute abend keine.<\/p>\n<p>Jedenfalls bin ich dann raus zur Porta und zur\u00fcck. Den super gepflegten Weserradweg entlang, den man auf H\u00f6he des Dehmer Grillplatzes unter dem ganzen Schlamm kaum noch ausmachen kann. Lediglich das von Herrn Nagel so gern renovierte St\u00fcck pr\u00e4sentiert sich in Bestzustand, da es sch\u00f6n hoch liegt.<\/p>\n<p>Das kann man von der Stelle hinter dem Drachenfliegerplatz nicht sagen, <b>*dort*<\/b>   sollte mal was gemacht werden! Da ist n\u00e4mlich des\u00f6fteren Landunter und wie man an dem ausgefahrenen Streifen rechts neben der Fahrbahn sehen kann auch durchaus f\u00fcr l\u00e4ngere Zeit. Und offensichtlich wird die Strecke regelm\u00e4\u00dfig benutzt. Aber die Stelle ist nat\u00fcrlich wenig medienwirksam &#8211; und dabei einfach zu reparieren. Asphalt auf 80 Meter aufrei\u00dfen, Erde hinkippen, verdichten, Asphalt drauf, fertig. 120.000 Euro kostet das sicher nicht &#8230;<\/p>\n<p style=\"text-align:center;\"><img decoding=\"async\" src=\"http:\/\/www.andreas-edler.de\/grafik\/blog_2008\/20080328_weserradweg_drachenfliegerplatz.jpg\" width=\"470\" border=\"0\" alt=\"\"><\/p>\n<p> 21,1 Km | 24 Km\/h Schnitt | 36 Km\/h max. | 100 H\u00f6henmeter<\/p>\n","protected":false},"excerpt":{"rendered":"<p>Wetter ist tr\u00fcb, tr\u00fcb, tr\u00fcb. Und windig &#8230; allerdings nicht mehr ganz so kalt. Und nach dem leckeren Sauerkraut mit Kartoffelbrei regte sich das schlechte Gewissen und ich musste *endlich* mal wieder raus. Vor allen Dingen, da ich im Kopf &hellip;<\/p>\n<p class=\"read-more\"> <a class=\"more-link\" href=\"https:\/\/www.andreas-edler.de\/blog\/2008\/03\/keine-lust-runde\/\"> <span class=\"screen-reader-text\">Keine-Lust-Runde<\/span> Weiterlesen &raquo;<\/a><\/p>\n","protected":false},"author":1,"featured_media":0,"comment_status":"open","ping_status":"open","sticky":false,"template":"","format":"standard","meta":{"ngg_post_thumbnail":0,"activitypub_content_warning":"","activitypub_content_visibility":"","activitypub_max_image_attachments":2,"activitypub_interaction_policy_quote":"anyone","activitypub_status":"","footnotes":""},"categories":[14,15],"tags":[],"class_list":["post-6074","post","type-post","status-publish","format-standard","hentry","category-bad-oeynhausen","category-fahrrad"],"share_on_mastodon":{"url":"","error":""},"_links":{"self":[{"href":"https:\/\/www.andreas-edler.de\/blog\/wp-json\/wp\/v2\/posts\/6074","targetHints":{"allow":["GET"]}}],"collection":[{"href":"https:\/\/www.andreas-edler.de\/blog\/wp-json\/wp\/v2\/posts"}],"about":[{"href":"https:\/\/www.andreas-edler.de\/blog\/wp-json\/wp\/v2\/types\/post"}],"author":[{"embeddable":true,"href":"https:\/\/www.andreas-edler.de\/blog\/wp-json\/wp\/v2\/users\/1"}],"replies":[{"embeddable":true,"href":"https:\/\/www.andreas-edler.de\/blog\/wp-json\/wp\/v2\/comments?post=6074"}],"version-history":[{"count":0,"href":"https:\/\/www.andreas-edler.de\/blog\/wp-json\/wp\/v2\/posts\/6074\/revisions"}],"wp:attachment":[{"href":"https:\/\/www.andreas-edler.de\/blog\/wp-json\/wp\/v2\/media?parent=6074"}],"wp:term":[{"taxonomy":"category","embeddable":true,"href":"https:\/\/www.andreas-edler.de\/blog\/wp-json\/wp\/v2\/categories?post=6074"},{"taxonomy":"post_tag","embeddable":true,"href":"https:\/\/www.andreas-edler.de\/blog\/wp-json\/wp\/v2\/tags?post=6074"}],"curies":[{"name":"wp","href":"https:\/\/api.w.org\/{rel}","templated":true}]}}