{"id":6067,"date":"2008-03-24T16:38:00","date_gmt":"2008-03-24T15:38:00","guid":{"rendered":"http:\/\/www.andreas-edler.de\/blog\/2008\/03\/april-bist-dus\/"},"modified":"2013-11-02T15:14:29","modified_gmt":"2013-11-02T14:14:29","slug":"april-bist-dus","status":"publish","type":"post","link":"https:\/\/www.andreas-edler.de\/blog\/2008\/03\/april-bist-dus\/","title":{"rendered":"April, bist Du&#8217;s?"},"content":{"rendered":"<p>Wie soll man da planen? Eigentlich steht heute Abend das <a href=\"http:\/\/www.bvbo.de\/news.php?name=20080315_12_09_20&#038;ans=0\">Osterfeuer<\/a> des <a href=\"http:\/\/www.bvbo.de\/\">BVBO<\/a> auf dem Programm. Und bis heute Nachmittag gegen 16.00 Uhr sah es auch ganz gut aus. Zumindest als wir bei meinen Eltern ins Auto stiegen, um nach Hause zu fahren<\/p>\n<p style=\"text-align:center;\"><img decoding=\"async\" src=\"http:\/\/www.andreas-edler.de\/grafik\/blog_2008\/20080324_ebenoede.jpg\" width=\"470\" border=\"0\" alt=\"\"><\/p>\n<p> 5 Kilometer weiter und 10 Minuten sp\u00e4ter pr\u00e4sentiert sich die Lage etwas anders. So kann man nicht arbeiten! Ich will Sommer!<\/p>\n<p style=\"text-align:center;\"><img decoding=\"async\" src=\"http:\/\/www.andreas-edler.de\/grafik\/blog_2008\/20080324_schneegestoeber.jpg\" width=\"470\" border=\"0\" alt=\"\"><\/p>\n<p> Echt, keine 10 Minuten sp\u00e4ter donnert es auch noch und die Flocken sind einen 1 Zentimeter im Durchmesser.<\/p>\n<p style=\"text-align:center;\"><img decoding=\"async\" src=\"http:\/\/www.andreas-edler.de\/grafik\/blog_2008\/200803224_wintergarten.jpg\" width=\"470\" border=\"0\" alt=\"\"><\/p>\n<p>  Und noch w\u00e4hrend ich das hier tippe, rei\u00dft der Himmel pl\u00f6tzlich auf und die Sonne strahlt aus einem blauen Himmel glei\u00dfend hell ins Arbeitszimmer. Ich werd&#8216; noch verr\u00fcckt. Da komme ich ja mit dem Fotos machen nicht nach :-(<\/p>\n<p style=\"text-align:center;\"><img decoding=\"async\" src=\"http:\/\/www.andreas-edler.de\/grafik\/blog_2008\/20080324_sonnenschein.jpg\" width=\"470\" border=\"0\" alt=\"\"><\/p>\n","protected":false},"excerpt":{"rendered":"<p>Wie soll man da planen? Eigentlich steht heute Abend das Osterfeuer des BVBO auf dem Programm. Und bis heute Nachmittag gegen 16.00 Uhr sah es auch ganz gut aus. Zumindest als wir bei meinen Eltern ins Auto stiegen, um nach &hellip;<\/p>\n<p class=\"read-more\"> <a class=\"more-link\" href=\"https:\/\/www.andreas-edler.de\/blog\/2008\/03\/april-bist-dus\/\"> <span class=\"screen-reader-text\">April, bist Du&#8217;s?<\/span> Weiterlesen &raquo;<\/a><\/p>\n","protected":false},"author":1,"featured_media":0,"comment_status":"open","ping_status":"open","sticky":false,"template":"","format":"standard","meta":{"ngg_post_thumbnail":0,"activitypub_content_warning":"","activitypub_content_visibility":"","activitypub_max_image_attachments":2,"activitypub_interaction_policy_quote":"anyone","activitypub_status":"","footnotes":""},"categories":[1],"tags":[53],"class_list":["post-6067","post","type-post","status-publish","format-standard","hentry","category-allgemein","tag-wetter"],"share_on_mastodon":{"url":"","error":""},"_links":{"self":[{"href":"https:\/\/www.andreas-edler.de\/blog\/wp-json\/wp\/v2\/posts\/6067","targetHints":{"allow":["GET"]}}],"collection":[{"href":"https:\/\/www.andreas-edler.de\/blog\/wp-json\/wp\/v2\/posts"}],"about":[{"href":"https:\/\/www.andreas-edler.de\/blog\/wp-json\/wp\/v2\/types\/post"}],"author":[{"embeddable":true,"href":"https:\/\/www.andreas-edler.de\/blog\/wp-json\/wp\/v2\/users\/1"}],"replies":[{"embeddable":true,"href":"https:\/\/www.andreas-edler.de\/blog\/wp-json\/wp\/v2\/comments?post=6067"}],"version-history":[{"count":0,"href":"https:\/\/www.andreas-edler.de\/blog\/wp-json\/wp\/v2\/posts\/6067\/revisions"}],"wp:attachment":[{"href":"https:\/\/www.andreas-edler.de\/blog\/wp-json\/wp\/v2\/media?parent=6067"}],"wp:term":[{"taxonomy":"category","embeddable":true,"href":"https:\/\/www.andreas-edler.de\/blog\/wp-json\/wp\/v2\/categories?post=6067"},{"taxonomy":"post_tag","embeddable":true,"href":"https:\/\/www.andreas-edler.de\/blog\/wp-json\/wp\/v2\/tags?post=6067"}],"curies":[{"name":"wp","href":"https:\/\/api.w.org\/{rel}","templated":true}]}}