{"id":6046,"date":"2008-03-12T23:46:00","date_gmt":"2008-03-12T22:46:00","guid":{"rendered":"http:\/\/www.andreas-edler.de\/blog\/2008\/03\/aus-allen-lochern\/"},"modified":"2013-11-02T15:14:30","modified_gmt":"2013-11-02T14:14:30","slug":"aus-allen-lochern","status":"publish","type":"post","link":"https:\/\/www.andreas-edler.de\/blog\/2008\/03\/aus-allen-lochern\/","title":{"rendered":"Aus allen L\u00f6chern"},"content":{"rendered":"<div class=\"bild\"><img decoding=\"async\" src=\"http:\/\/www.andreas-edler.de\/grafik\/blog_2008\/20080312_mauseloch.jpg\" width=\"250\" border=\"0\" alt=\"\"><\/div>\n<p> Habe ich schonmal gesagt, dass mich da Wetter im Moment voll annervt? So langsam darf es wirklich mal l\u00e4nger am St\u00fcck ein wenig blauen Himmel geben. Und vielleicht auch mal 5 Grad w\u00e4rmer. Hier im Haus sind 2\/3 der Familie am Kr\u00e4chzen und Husten.<\/p>\n<p>Es ist schon so feucht, dass das Wasser nicht einmal mehr ordentlich im Boden versickern kann. Herrn und Frau Maus begeistert das sicher genauso wenig wie meine Eltern. Deren Schuppen war n\u00e4mlich \u00e4hnlich schlammig, wie ich mir das Loch der Mausefamilie von innen vorstelle.<\/p>\n","protected":false},"excerpt":{"rendered":"<p>Habe ich schonmal gesagt, dass mich da Wetter im Moment voll annervt? So langsam darf es wirklich mal l\u00e4nger am St\u00fcck ein wenig blauen Himmel geben. Und vielleicht auch mal 5 Grad w\u00e4rmer. Hier im Haus sind 2\/3 der Familie &hellip;<\/p>\n<p class=\"read-more\"> <a class=\"more-link\" href=\"https:\/\/www.andreas-edler.de\/blog\/2008\/03\/aus-allen-lochern\/\"> <span class=\"screen-reader-text\">Aus allen L\u00f6chern<\/span> Weiterlesen &raquo;<\/a><\/p>\n","protected":false},"author":1,"featured_media":0,"comment_status":"open","ping_status":"open","sticky":false,"template":"","format":"standard","meta":{"ngg_post_thumbnail":0,"activitypub_content_warning":"","activitypub_content_visibility":"","activitypub_max_image_attachments":2,"activitypub_interaction_policy_quote":"anyone","activitypub_status":"","footnotes":""},"categories":[1],"tags":[53],"class_list":["post-6046","post","type-post","status-publish","format-standard","hentry","category-allgemein","tag-wetter"],"share_on_mastodon":{"url":"","error":""},"_links":{"self":[{"href":"https:\/\/www.andreas-edler.de\/blog\/wp-json\/wp\/v2\/posts\/6046","targetHints":{"allow":["GET"]}}],"collection":[{"href":"https:\/\/www.andreas-edler.de\/blog\/wp-json\/wp\/v2\/posts"}],"about":[{"href":"https:\/\/www.andreas-edler.de\/blog\/wp-json\/wp\/v2\/types\/post"}],"author":[{"embeddable":true,"href":"https:\/\/www.andreas-edler.de\/blog\/wp-json\/wp\/v2\/users\/1"}],"replies":[{"embeddable":true,"href":"https:\/\/www.andreas-edler.de\/blog\/wp-json\/wp\/v2\/comments?post=6046"}],"version-history":[{"count":0,"href":"https:\/\/www.andreas-edler.de\/blog\/wp-json\/wp\/v2\/posts\/6046\/revisions"}],"wp:attachment":[{"href":"https:\/\/www.andreas-edler.de\/blog\/wp-json\/wp\/v2\/media?parent=6046"}],"wp:term":[{"taxonomy":"category","embeddable":true,"href":"https:\/\/www.andreas-edler.de\/blog\/wp-json\/wp\/v2\/categories?post=6046"},{"taxonomy":"post_tag","embeddable":true,"href":"https:\/\/www.andreas-edler.de\/blog\/wp-json\/wp\/v2\/tags?post=6046"}],"curies":[{"name":"wp","href":"https:\/\/api.w.org\/{rel}","templated":true}]}}