{"id":6038,"date":"2008-03-07T19:27:00","date_gmt":"2008-03-07T18:27:00","guid":{"rendered":"http:\/\/www.andreas-edler.de\/blog\/2008\/03\/mag-den-volvo-wieder\/"},"modified":"2008-03-07T19:27:00","modified_gmt":"2008-03-07T18:27:00","slug":"mag-den-volvo-wieder","status":"publish","type":"post","link":"https:\/\/www.andreas-edler.de\/blog\/2008\/03\/mag-den-volvo-wieder\/","title":{"rendered":"Mag den Volvo wieder"},"content":{"rendered":"<p>Seit Monaten nervt mich die alte Karre mit nervt\u00f6tendem Gepolter wenn ich mal \u00fcber Randsteine oder Kopfsteinpflaster fahre. Mit den schmalen Winterreifen etwas weniger als mit den Sommerpuschen, aber trotzdem. Manche Strecken bin ich schon gar nicht mehr gefahren, weil ich dachte es rei\u00dft gleich die Aufh\u00e4ngung weg. Da ja nun der Fr\u00fchling ansteht und ich die Alus wieder dran schrauben m\u00f6chte, dachte ich mir, dass eine kleine Instandsetzung nicht schlecht w\u00e4re.<\/p>\n<p>Und Gl\u00fcck im Ungl\u00fcck, es waren nur die Stabi-Gummis! Zwar keine Pfennigsartikel, aber mit 10 Euro je St\u00fcck ertr\u00e4glich &#8211; da man nur 4 ben\u00f6tigt :-) Montage war etwas teurer, da zumindest an der Vorderachse wohl kein Ponyhof. Trotzdem ein sehr fairer Preis, den ich eben bezahlt habe. Und auf der R\u00fcckfahrt vom H\u00e4ndler war eine wunderbare Ruhe im Auto. Kein Geklacker und Gerappel, kein Poltern, nur das Rollen der Reifen. Wunderbar. Jetzt <s>mu\u00df<\/s> <s>kann<\/s> darf ich ihn doch bis zum n\u00e4chsten T\u00dcV fahren &#8230;<\/p>\n<p style=\"text-align:center;\"><img decoding=\"async\" src=\"http:\/\/www.andreas-edler.de\/grafik\/blog_2008\/20080307_volvo_auf_buehne.jpg\" width=\"470\" border=\"0\" alt=\"\"><\/p>\n","protected":false},"excerpt":{"rendered":"<p>Seit Monaten nervt mich die alte Karre mit nervt\u00f6tendem Gepolter wenn ich mal \u00fcber Randsteine oder Kopfsteinpflaster fahre. Mit den schmalen Winterreifen etwas weniger als mit den Sommerpuschen, aber trotzdem. Manche Strecken bin ich schon gar nicht mehr gefahren, weil &hellip;<\/p>\n<p class=\"read-more\"> <a class=\"more-link\" href=\"https:\/\/www.andreas-edler.de\/blog\/2008\/03\/mag-den-volvo-wieder\/\"> <span class=\"screen-reader-text\">Mag den Volvo wieder<\/span> Weiterlesen &raquo;<\/a><\/p>\n","protected":false},"author":1,"featured_media":0,"comment_status":"open","ping_status":"open","sticky":false,"template":"","format":"standard","meta":{"ngg_post_thumbnail":0,"activitypub_content_warning":"","activitypub_content_visibility":"","activitypub_max_image_attachments":2,"activitypub_interaction_policy_quote":"anyone","activitypub_status":"","footnotes":""},"categories":[22],"tags":[37,33],"class_list":["post-6038","post","type-post","status-publish","format-standard","hentry","category-basteln","tag-auto","tag-service"],"share_on_mastodon":{"url":"","error":""},"_links":{"self":[{"href":"https:\/\/www.andreas-edler.de\/blog\/wp-json\/wp\/v2\/posts\/6038","targetHints":{"allow":["GET"]}}],"collection":[{"href":"https:\/\/www.andreas-edler.de\/blog\/wp-json\/wp\/v2\/posts"}],"about":[{"href":"https:\/\/www.andreas-edler.de\/blog\/wp-json\/wp\/v2\/types\/post"}],"author":[{"embeddable":true,"href":"https:\/\/www.andreas-edler.de\/blog\/wp-json\/wp\/v2\/users\/1"}],"replies":[{"embeddable":true,"href":"https:\/\/www.andreas-edler.de\/blog\/wp-json\/wp\/v2\/comments?post=6038"}],"version-history":[{"count":0,"href":"https:\/\/www.andreas-edler.de\/blog\/wp-json\/wp\/v2\/posts\/6038\/revisions"}],"wp:attachment":[{"href":"https:\/\/www.andreas-edler.de\/blog\/wp-json\/wp\/v2\/media?parent=6038"}],"wp:term":[{"taxonomy":"category","embeddable":true,"href":"https:\/\/www.andreas-edler.de\/blog\/wp-json\/wp\/v2\/categories?post=6038"},{"taxonomy":"post_tag","embeddable":true,"href":"https:\/\/www.andreas-edler.de\/blog\/wp-json\/wp\/v2\/tags?post=6038"}],"curies":[{"name":"wp","href":"https:\/\/api.w.org\/{rel}","templated":true}]}}