{"id":60363,"date":"2014-04-06T12:08:38","date_gmt":"2014-04-06T10:08:38","guid":{"rendered":"http:\/\/www.andreas-edler.de\/blog\/?p=60363"},"modified":"2014-04-06T12:08:38","modified_gmt":"2014-04-06T10:08:38","slug":"motorisiert-durch-den-kurpark","status":"publish","type":"post","link":"https:\/\/www.andreas-edler.de\/blog\/2014\/04\/motorisiert-durch-den-kurpark\/","title":{"rendered":"Motorisiert durch den Kurpark"},"content":{"rendered":"<p>Mit dem Rad darf ich unseren Kurpark nicht befahren. Die Wege dort sind breiter, als alles was die Verwaltung uns in Bad Oeynhausen an benutzungspflichtigen Geh-\/Radwegen anbietet, die direkte Durchfahrt vom Inowroclawplatz bis zum Westkorso ist gar stellenweise so breit wie eine normale Stra\u00dfe. Aber als Radfahrer ist man ja in jedem Fall Rowdy und niemals vern\u00fcnftig, deswegen darf ich da nicht durch. Und ich halte mich daran &#8211; selbstverst\u00e4ndlich.<!--more--><\/p>\n<p>Bewege ich mich aber in einer Gruppe mit motorisierten Fahrzeugen, dann darf ich munter durch den Kurpark cruisen. Das st\u00f6rt keinen der gebrechlichen Besucher, die von Radfahrern ja bekannterma\u00dfen alle Nase lang \u00fcber den Haufen gerast werden. <a href=\"http:\/\/www.staatsbad-oeynhausen.de\/aktivzeit\/segway.html\">Mit dem Segway werden nun gef\u00fchrte Touren gemacht.<\/a> Super! Segway fahren kann man nach etwas \u00dcbung ganz gut &#8211; wenn man nicht gebrechlich ist. Sprich: wenn man auch zu Fu\u00df \u00fcber die Runden kommt. Warum muss man dann mit einem Motorfahrzeug durch den Kurpark gef\u00fchrt werden? Elektroantrieb hin oder her. Ein komerzielles Unternehmen bekommt die Erlaubnis in Gruppen da entlang zu fahren, wo ich als Radler nicht mal alleine hin darf. <\/p>\n<p>Segways sind mindestens genauso breit wie ein Fahrrad, in einer Gruppe behindern sie die anderen Besucher noch viel mehr als ein einzelner durchfahrender Radler und zudem sind sie auch noch lauter. Ja, ich bin so ein Ding auch schon gefahren. \u00dcber diese Freigabe kann ich nur mit dem Kopf sch\u00fctteln! Wenn Segways m\u00f6glich sind, dann wird wohl auch ein Fahrrad kein Problem sein &#8230;<\/p>\n","protected":false},"excerpt":{"rendered":"<p>Mit dem Rad darf ich unseren Kurpark nicht befahren. Die Wege dort sind breiter, als alles was die Verwaltung uns in Bad Oeynhausen an benutzungspflichtigen Geh-\/Radwegen anbietet, die direkte Durchfahrt vom Inowroclawplatz bis zum Westkorso ist gar stellenweise so breit &hellip;<\/p>\n<p class=\"read-more\"> <a class=\"more-link\" href=\"https:\/\/www.andreas-edler.de\/blog\/2014\/04\/motorisiert-durch-den-kurpark\/\"> <span class=\"screen-reader-text\">Motorisiert durch den Kurpark<\/span> Weiterlesen &raquo;<\/a><\/p>\n","protected":false},"author":1,"featured_media":0,"comment_status":"open","ping_status":"open","sticky":false,"template":"","format":"standard","meta":{"ngg_post_thumbnail":0,"activitypub_content_warning":"","activitypub_content_visibility":"","activitypub_max_image_attachments":2,"activitypub_interaction_policy_quote":"anyone","activitypub_status":"","footnotes":""},"categories":[14,15,13],"tags":[121,72],"class_list":["post-60363","post","type-post","status-publish","format-standard","hentry","category-bad-oeynhausen","category-fahrrad","category-verkehr","tag-kurpark","tag-verwaltung"],"share_on_mastodon":{"url":"","error":""},"_links":{"self":[{"href":"https:\/\/www.andreas-edler.de\/blog\/wp-json\/wp\/v2\/posts\/60363","targetHints":{"allow":["GET"]}}],"collection":[{"href":"https:\/\/www.andreas-edler.de\/blog\/wp-json\/wp\/v2\/posts"}],"about":[{"href":"https:\/\/www.andreas-edler.de\/blog\/wp-json\/wp\/v2\/types\/post"}],"author":[{"embeddable":true,"href":"https:\/\/www.andreas-edler.de\/blog\/wp-json\/wp\/v2\/users\/1"}],"replies":[{"embeddable":true,"href":"https:\/\/www.andreas-edler.de\/blog\/wp-json\/wp\/v2\/comments?post=60363"}],"version-history":[{"count":0,"href":"https:\/\/www.andreas-edler.de\/blog\/wp-json\/wp\/v2\/posts\/60363\/revisions"}],"wp:attachment":[{"href":"https:\/\/www.andreas-edler.de\/blog\/wp-json\/wp\/v2\/media?parent=60363"}],"wp:term":[{"taxonomy":"category","embeddable":true,"href":"https:\/\/www.andreas-edler.de\/blog\/wp-json\/wp\/v2\/categories?post=60363"},{"taxonomy":"post_tag","embeddable":true,"href":"https:\/\/www.andreas-edler.de\/blog\/wp-json\/wp\/v2\/tags?post=60363"}],"curies":[{"name":"wp","href":"https:\/\/api.w.org\/{rel}","templated":true}]}}