{"id":6036,"date":"2008-03-06T18:02:00","date_gmt":"2008-03-06T17:02:00","guid":{"rendered":"http:\/\/www.andreas-edler.de\/blog\/2008\/03\/vorsatzliche-gefahrdung-des-strasenverkehrs\/"},"modified":"2011-10-19T14:35:31","modified_gmt":"2011-10-19T12:35:31","slug":"gefaehrdung-des-strassenverkehrs","status":"publish","type":"post","link":"https:\/\/www.andreas-edler.de\/blog\/2008\/03\/gefaehrdung-des-strassenverkehrs\/","title":{"rendered":"Gef\u00e4hrdung des Stra\u00dfenverkehrs"},"content":{"rendered":"<p>Das hier:<\/p>\n<p style=\"text-align:center;\"><img decoding=\"async\" src=\"http:\/\/www.andreas-edler.de\/grafik\/blog_2008\/20080306_baake.jpg\" width=\"470\" border=\"0\" alt=\"\"><\/p>\n<p> &#8230; ist mit &#8222;gemeingef\u00e4hrliche Frechheit&#8220; ziemlich nett umschrieben!<\/p>\n<p>Wir fuhren am Abend bei finsterer Nacht mit dem Rad die Eidinghausener Stra\u00dfe rauf &#8211; pflichtbewusst auf dem katastrophalen Radweg &#8211; um im &#8222;<a href=\"http:\/\/www.ristoranteilsole.de\/\">Il Sole<\/a>&#8220; ein wenig Pizza und Pasta zu uns zu nehmen, als ich beinahe in die Baake gerauscht w\u00e4re. Was sich derjenige, der dieses Ding genau neben dem Laternenmasten platziert hat, wohl gedacht hat? &#8222;Hier mach&#8216; ich&#8217;s mal sch\u00f6n eng!&#8220; oder was? Vor allen Dingen besteht gar keine Veranlassung f\u00fcr die Baake. Es sei denn, die Stadt m\u00f6chte damit auf den desolaten und gef\u00e4hrlichen Zustand des Radweges hinweisen, dann ist das nat\u00fcrlich zu sehen wie ein &#8222;Radweg Ende&#8220; Schild. Ich denke, so ist es gemeint.<br \/>\n<cite>Hallo liebe Mitarbeiter des Ordnungsamtes,<br \/>\n<br \/>\nich bedanke mich recht herzlich f\u00fcr die schnelle Umsetzung meiner Anregung am Runden Tisch f\u00fcr eine fahrradfreundliche Stadt Bad Oeynhausen. Namentlich die Aufhebung der Benutzungspflicht des Radweges an der Eidinghausener Stra\u00dfe.<br \/>\n<br \/>\nLeider geschieht dies nur in n\u00f6rdlicher Richtung und auch erst kurz vor dem Kreisel in Eidinghausen &#8211; siehe auch angeh\u00e4ngtes Foto. Bitte entschuldigen Sie die mangelhafte Qualit\u00e4t des Bildes, aber meine Kamera ist im Dunklen genauso schlecht wie die Augen eines durchschnittlichen Radfahrers.<br \/>\n<br \/>\nIch w\u00fcrde mich sehr freuen, wenn Sie diese Konsequenz auch in s\u00fcdlicher Richtung zeigen w\u00fcrden und das dann bitte bis zur Mindener Stra\u00dfe.<br \/>\n<br \/>\nVielen Dank im voraus.<br \/>\n<br \/>\nMit freundlichen Gr\u00fc\u00dfen<br \/>\nAndreas Edler<\/cite><\/p>\n","protected":false},"excerpt":{"rendered":"<p>Das hier: &#8230; ist mit &#8222;gemeingef\u00e4hrliche Frechheit&#8220; ziemlich nett umschrieben! Wir fuhren am Abend bei finsterer Nacht mit dem Rad die Eidinghausener Stra\u00dfe rauf &#8211; pflichtbewusst auf dem katastrophalen Radweg &#8211; um im &#8222;Il Sole&#8220; ein wenig Pizza und Pasta &hellip;<\/p>\n<p class=\"read-more\"> <a class=\"more-link\" href=\"https:\/\/www.andreas-edler.de\/blog\/2008\/03\/gefaehrdung-des-strassenverkehrs\/\"> <span class=\"screen-reader-text\">Gef\u00e4hrdung des Stra\u00dfenverkehrs<\/span> Weiterlesen &raquo;<\/a><\/p>\n","protected":false},"author":1,"featured_media":0,"comment_status":"open","ping_status":"open","sticky":false,"template":"","format":"standard","meta":{"ngg_post_thumbnail":0,"activitypub_content_warning":"","activitypub_content_visibility":"","activitypub_max_image_attachments":2,"activitypub_interaction_policy_quote":"anyone","activitypub_status":"","footnotes":""},"categories":[14,15,18,13],"tags":[],"class_list":["post-6036","post","type-post","status-publish","format-standard","hentry","category-bad-oeynhausen","category-fahrrad","category-fraglich","category-verkehr"],"share_on_mastodon":{"url":"","error":""},"_links":{"self":[{"href":"https:\/\/www.andreas-edler.de\/blog\/wp-json\/wp\/v2\/posts\/6036","targetHints":{"allow":["GET"]}}],"collection":[{"href":"https:\/\/www.andreas-edler.de\/blog\/wp-json\/wp\/v2\/posts"}],"about":[{"href":"https:\/\/www.andreas-edler.de\/blog\/wp-json\/wp\/v2\/types\/post"}],"author":[{"embeddable":true,"href":"https:\/\/www.andreas-edler.de\/blog\/wp-json\/wp\/v2\/users\/1"}],"replies":[{"embeddable":true,"href":"https:\/\/www.andreas-edler.de\/blog\/wp-json\/wp\/v2\/comments?post=6036"}],"version-history":[{"count":0,"href":"https:\/\/www.andreas-edler.de\/blog\/wp-json\/wp\/v2\/posts\/6036\/revisions"}],"wp:attachment":[{"href":"https:\/\/www.andreas-edler.de\/blog\/wp-json\/wp\/v2\/media?parent=6036"}],"wp:term":[{"taxonomy":"category","embeddable":true,"href":"https:\/\/www.andreas-edler.de\/blog\/wp-json\/wp\/v2\/categories?post=6036"},{"taxonomy":"post_tag","embeddable":true,"href":"https:\/\/www.andreas-edler.de\/blog\/wp-json\/wp\/v2\/tags?post=6036"}],"curies":[{"name":"wp","href":"https:\/\/api.w.org\/{rel}","templated":true}]}}