{"id":60336,"date":"2014-04-06T11:55:10","date_gmt":"2014-04-06T09:55:10","guid":{"rendered":"http:\/\/www.andreas-edler.de\/blog\/?p=60336"},"modified":"2014-04-06T12:34:50","modified_gmt":"2014-04-06T10:34:50","slug":"portastrasse-am-ende-dicht","status":"publish","type":"post","link":"https:\/\/www.andreas-edler.de\/blog\/2014\/04\/portastrasse-am-ende-dicht\/","title":{"rendered":"Portastra\u00dfe am Ende dicht"},"content":{"rendered":"<p>Freitag war am Immanuel-Kant-Gymnasim Elternsprechtag und ich bin ein paar Min\u00fctchen fr\u00fcher aus dem B\u00fcro, um am Gymnasium mit den Lehrern \u00fcber das Abschneiden von Nachwuchs 1.0 zu sprechen. Aus der Innenstadt erreicht man das IKG \u00fcber genau eine Stra\u00dfe: die Portastra\u00dfe. Quasi am Schweinbrunnen geht es los, bis direkt vor das Schulzentrum S\u00fcd. In H\u00f6he der Rolandstra\u00dfe wird man jedoch per Zeichen 267 &#8222;Verbot der Einfahrt&#8220; und dem Hinweis noch &#8222;100 Meter&#8220; informiert, dass es hier alsbald nicht weiter geht. <\/p>\n<p style=\"text-align:center;font-size: smaller;\"><img decoding=\"async\" src=\"http:\/\/www.andreas-edler.de\/grafik\/blog_2014\/20140406_portastrasse_rolandstrasse.jpg\" width=\"470\" border=\"0\" alt=\"\" title=\"\"><\/p>\n<p><!--more--> In der Ferne sieht man ein weiteres Zeichen 267 mit einem kleinen wei\u00dfen Rechteck draunter. Oft wird bei sowas dem Radverkehr erlaubt, durchzufahren. Was ja an der Portastra\u00dfe auch durchaus Sinn macht. Und tats\u00e4chlich, f\u00e4hrt man einfach weiter wird direkt vor der Freiherr-vom-Stein-Schule mit dem Zusatzzeichen &#8222;Radfahrer frei&#8220; die Durchfahrt erlaubt. Aber halt! Nur f\u00fcr 30 Meter, dann geht es nicht weiter. Genau hier kann man links herunter zum Eingang der Turnhalle. Die letzten 50 Meter weiter bis zum Gr\u00fcnen Weg, darf man auch mit dem Rad nicht befahren. <\/p>\n<p style=\"text-align:center;font-size: smaller;\"><img decoding=\"async\" src=\"http:\/\/www.andreas-edler.de\/grafik\/blog_2014\/20140406_portastrasse_radfahrer_frei.jpg\" width=\"470\" border=\"0\" alt=\"\" title=\"\"><\/p>\n<p> Man kann lediglich vor der Freiherr-vom-Stein-Schule rechts einen schmalen Pfad hoch fahren um dann links zum Gymnasium zu gelangen. Der einleuchtende Weg ist verwehrt. Dann soll man die Beschilderung bitte verbessern und den Schulweg besser ausweisen. Ich war morgens noch nie dort und wei\u00df also nicht, ob die Beschilderung ignoriert wird. Ich kann&#8217;s mir aber vorstellen. Und so richtig verstehen, kann ich die Anordnung auch nicht.<\/p>\n<p>Ja, wahrscheinlich meint die Verwaltung sogar, man d\u00fcrfe da mit dem Rad durch, weil das &#8222;Radfahrer frei&#8220; unter dem Zusatz mit den 50 Metern steht &#8230; aber dann sollte man es am letzten Zeichen wiederholen! Oder am mittleren weglassen und nur am letzten anbringen. So ist es jedenfalls entweder nicht richtig beschildert oder unverst\u00e4ndlich gemeint. Und &#8222;das wird schon so passen&#8220; gilt bei sowas nicht.<\/p>\n","protected":false},"excerpt":{"rendered":"<p>Freitag war am Immanuel-Kant-Gymnasim Elternsprechtag und ich bin ein paar Min\u00fctchen fr\u00fcher aus dem B\u00fcro, um am Gymnasium mit den Lehrern \u00fcber das Abschneiden von Nachwuchs 1.0 zu sprechen. Aus der Innenstadt erreicht man das IKG \u00fcber genau eine Stra\u00dfe: &hellip;<\/p>\n<p class=\"read-more\"> <a class=\"more-link\" href=\"https:\/\/www.andreas-edler.de\/blog\/2014\/04\/portastrasse-am-ende-dicht\/\"> <span class=\"screen-reader-text\">Portastra\u00dfe am Ende dicht<\/span> Weiterlesen &raquo;<\/a><\/p>\n","protected":false},"author":1,"featured_media":0,"comment_status":"open","ping_status":"open","sticky":false,"template":"","format":"standard","meta":{"ngg_post_thumbnail":0,"activitypub_content_warning":"","activitypub_content_visibility":"","activitypub_max_image_attachments":2,"activitypub_interaction_policy_quote":"anyone","activitypub_status":"","footnotes":""},"categories":[14,15,13],"tags":[72],"class_list":["post-60336","post","type-post","status-publish","format-standard","hentry","category-bad-oeynhausen","category-fahrrad","category-verkehr","tag-verwaltung"],"share_on_mastodon":{"url":"","error":""},"_links":{"self":[{"href":"https:\/\/www.andreas-edler.de\/blog\/wp-json\/wp\/v2\/posts\/60336","targetHints":{"allow":["GET"]}}],"collection":[{"href":"https:\/\/www.andreas-edler.de\/blog\/wp-json\/wp\/v2\/posts"}],"about":[{"href":"https:\/\/www.andreas-edler.de\/blog\/wp-json\/wp\/v2\/types\/post"}],"author":[{"embeddable":true,"href":"https:\/\/www.andreas-edler.de\/blog\/wp-json\/wp\/v2\/users\/1"}],"replies":[{"embeddable":true,"href":"https:\/\/www.andreas-edler.de\/blog\/wp-json\/wp\/v2\/comments?post=60336"}],"version-history":[{"count":0,"href":"https:\/\/www.andreas-edler.de\/blog\/wp-json\/wp\/v2\/posts\/60336\/revisions"}],"wp:attachment":[{"href":"https:\/\/www.andreas-edler.de\/blog\/wp-json\/wp\/v2\/media?parent=60336"}],"wp:term":[{"taxonomy":"category","embeddable":true,"href":"https:\/\/www.andreas-edler.de\/blog\/wp-json\/wp\/v2\/categories?post=60336"},{"taxonomy":"post_tag","embeddable":true,"href":"https:\/\/www.andreas-edler.de\/blog\/wp-json\/wp\/v2\/tags?post=60336"}],"curies":[{"name":"wp","href":"https:\/\/api.w.org\/{rel}","templated":true}]}}