{"id":6032,"date":"2008-03-05T07:28:00","date_gmt":"2008-03-05T06:28:00","guid":{"rendered":"http:\/\/www.andreas-edler.de\/blog\/2008\/03\/ruhe-im-kurpark\/"},"modified":"2008-03-05T07:28:00","modified_gmt":"2008-03-05T06:28:00","slug":"ruhe-im-kurpark","status":"publish","type":"post","link":"https:\/\/www.andreas-edler.de\/blog\/2008\/03\/ruhe-im-kurpark\/","title":{"rendered":"Ruhe im Kurpark"},"content":{"rendered":"<p>Die b\u00f6sen, b\u00f6sen Radfahrer wieder:<br \/><cite><b><a href=\"http:\/\/www.nw-news.de\/nw\/lokale_news\/bad_oeynhausen\/bad_oeynhausen\/?cnt=2207984\">Radler st\u00f6ren die Ruhe<\/a><\/b><br \/>&#8230; &#8222;Fahrrad fahren im Kurpark, das ist verboten!&#8220; &#8230; Vor allem Radfahrer bereiten Probleme. &#8222;Die rasen hier durch, wie verr\u00fcckt&#8220; &#8230; Dass das nicht immer ungef\u00e4hrlich ist, musste eine \u00e4ltere Frau vor zwei Jahren erfahren. Sie wurde von einem Radler angefahren &#8230;<\/cite> Wirklich, ganz schrecklich! Nat\u00fcrlich tut es mir um die Frau leid und ich m\u00f6chte gar nicht den entsprechenden Verursacher in Schutz nehmen, aber <b>einmal in zwei Jahren<\/b>! Das im Kreis w\u00f6chentlich mindestens zwei Radfahrer auf den ihnen zugewiesenen <s>Ghettos<\/s> Radwegen umgefahren werden, regt nicht zu solchen Artikeln an.<\/p>\n<p>Wer kontrolliert denn die lernresistenten Verkehrsteilnehmer, die Radwege zu parken oder Radler schneiden, bedr\u00e4ngen, anhupen? Wer k\u00fcmmert sich um den regen Kraftverkehr rund um den Schweinebrunnen? Wer sorgt daf\u00fcr dass man als Fu\u00dfg\u00e4nger vor der Deutschen Bank nicht weggehupt wird? In der Fu\u00dfg\u00e4ngerzone. &#8230; Himmel, ein Unfall in zwei Jahren! Gibt es dar\u00fcber Artikel in der NW?<\/p>\n<p>Ich bin nun auch ab und an im Kurpark &#8211; aber eine Radfahrerplage konnte ich nicht entdecken. Am <a href=\"http:\/\/www.andreas-edler.de\/2008\/02\/runder-tisch-fahrradfreundliche-stadt.php\">runden Tisch<\/a> wurde sogar die Anregung gemacht, den Kurpark f\u00fcr Radfahrer frei zu geben.<\/p>\n","protected":false},"excerpt":{"rendered":"<p>Die b\u00f6sen, b\u00f6sen Radfahrer wieder:Radler st\u00f6ren die Ruhe&#8230; &#8222;Fahrrad fahren im Kurpark, das ist verboten!&#8220; &#8230; Vor allem Radfahrer bereiten Probleme. &#8222;Die rasen hier durch, wie verr\u00fcckt&#8220; &#8230; Dass das nicht immer ungef\u00e4hrlich ist, musste eine \u00e4ltere Frau vor zwei &hellip;<\/p>\n<p class=\"read-more\"> <a class=\"more-link\" href=\"https:\/\/www.andreas-edler.de\/blog\/2008\/03\/ruhe-im-kurpark\/\"> <span class=\"screen-reader-text\">Ruhe im Kurpark<\/span> Weiterlesen &raquo;<\/a><\/p>\n","protected":false},"author":1,"featured_media":0,"comment_status":"open","ping_status":"open","sticky":false,"template":"","format":"standard","meta":{"ngg_post_thumbnail":0,"activitypub_content_warning":"","activitypub_content_visibility":"","activitypub_max_image_attachments":2,"activitypub_interaction_policy_quote":"anyone","activitypub_status":"","footnotes":""},"categories":[14,15,13],"tags":[59],"class_list":["post-6032","post","type-post","status-publish","format-standard","hentry","category-bad-oeynhausen","category-fahrrad","category-verkehr","tag-presse"],"share_on_mastodon":{"url":"","error":""},"_links":{"self":[{"href":"https:\/\/www.andreas-edler.de\/blog\/wp-json\/wp\/v2\/posts\/6032","targetHints":{"allow":["GET"]}}],"collection":[{"href":"https:\/\/www.andreas-edler.de\/blog\/wp-json\/wp\/v2\/posts"}],"about":[{"href":"https:\/\/www.andreas-edler.de\/blog\/wp-json\/wp\/v2\/types\/post"}],"author":[{"embeddable":true,"href":"https:\/\/www.andreas-edler.de\/blog\/wp-json\/wp\/v2\/users\/1"}],"replies":[{"embeddable":true,"href":"https:\/\/www.andreas-edler.de\/blog\/wp-json\/wp\/v2\/comments?post=6032"}],"version-history":[{"count":0,"href":"https:\/\/www.andreas-edler.de\/blog\/wp-json\/wp\/v2\/posts\/6032\/revisions"}],"wp:attachment":[{"href":"https:\/\/www.andreas-edler.de\/blog\/wp-json\/wp\/v2\/media?parent=6032"}],"wp:term":[{"taxonomy":"category","embeddable":true,"href":"https:\/\/www.andreas-edler.de\/blog\/wp-json\/wp\/v2\/categories?post=6032"},{"taxonomy":"post_tag","embeddable":true,"href":"https:\/\/www.andreas-edler.de\/blog\/wp-json\/wp\/v2\/tags?post=6032"}],"curies":[{"name":"wp","href":"https:\/\/api.w.org\/{rel}","templated":true}]}}