{"id":6026,"date":"2008-02-28T22:39:00","date_gmt":"2008-02-28T21:39:00","guid":{"rendered":"http:\/\/www.andreas-edler.de\/blog\/2008\/02\/8-blickwinkel\/"},"modified":"2013-11-02T15:14:31","modified_gmt":"2013-11-02T14:14:31","slug":"8-blickwinkel","status":"publish","type":"post","link":"https:\/\/www.andreas-edler.de\/blog\/2008\/02\/8-blickwinkel\/","title":{"rendered":"8 Blickwinkel"},"content":{"rendered":"<div class=\"bild\"><img decoding=\"async\" src=\"http:\/\/www.andreas-edler.de\/grafik\/blog_2008\/20080228_8_blickwinkel.gif\" width=\"250\" border=\"0\" alt=\"\"><\/div>\n<p>Heute einen ziemlich anstrengenden Tag gehabt &#8230; eigentlich war die ganze Woche fies. Der Kopf brodelt seit Montag so vor sich hin ohne richtig loszulegen. Da nehme ich noch keine Medikamente &#8211; aber es nervt zus\u00e4tzlich. Und dann war heute abend auch noch Kino angesagt. Lust hatte ich jedenfalls keine. Auch wenn der Trailer ordentliche Unterhaltung versprach.<\/p>\n<p>Naja, &#8222;8 Blickwinkel&#8220; f\u00e4ngt recht stark an, verbraucht sich dann ziemlich fix, h\u00e4ngt zum Anfang des letzten Drittels etwas durch und endet mit einem ziemlich kitschigen Abschlu\u00df. Typisch Amis k\u00f6nnte man sagen, w\u00e4re da nicht der ein oder andere zynische Unterton, den man im ganzen Geballer und Gewackel jedoch allzu leicht \u00fcbersieht.<\/p>\n<p>Geht so &#8230; die Leinwand braucht der Film nicht. Und wenn man eh schlecht drauf ist, dann macht die Handkamera den Genu\u00df nicht bek\u00f6mmlicher.<\/p>\n","protected":false},"excerpt":{"rendered":"<p>Heute einen ziemlich anstrengenden Tag gehabt &#8230; eigentlich war die ganze Woche fies. Der Kopf brodelt seit Montag so vor sich hin ohne richtig loszulegen. Da nehme ich noch keine Medikamente &#8211; aber es nervt zus\u00e4tzlich. Und dann war heute &hellip;<\/p>\n<p class=\"read-more\"> <a class=\"more-link\" href=\"https:\/\/www.andreas-edler.de\/blog\/2008\/02\/8-blickwinkel\/\"> <span class=\"screen-reader-text\">8 Blickwinkel<\/span> Weiterlesen &raquo;<\/a><\/p>\n","protected":false},"author":1,"featured_media":0,"comment_status":"open","ping_status":"open","sticky":false,"template":"","format":"standard","meta":{"ngg_post_thumbnail":0,"activitypub_content_warning":"","activitypub_content_visibility":"","activitypub_max_image_attachments":2,"activitypub_interaction_policy_quote":"anyone","activitypub_status":"","footnotes":""},"categories":[1],"tags":[11,9,10],"class_list":["post-6026","post","type-post","status-publish","format-standard","hentry","category-allgemein","tag-film","tag-kino","tag-kopfschmerzen"],"share_on_mastodon":{"url":"","error":""},"_links":{"self":[{"href":"https:\/\/www.andreas-edler.de\/blog\/wp-json\/wp\/v2\/posts\/6026","targetHints":{"allow":["GET"]}}],"collection":[{"href":"https:\/\/www.andreas-edler.de\/blog\/wp-json\/wp\/v2\/posts"}],"about":[{"href":"https:\/\/www.andreas-edler.de\/blog\/wp-json\/wp\/v2\/types\/post"}],"author":[{"embeddable":true,"href":"https:\/\/www.andreas-edler.de\/blog\/wp-json\/wp\/v2\/users\/1"}],"replies":[{"embeddable":true,"href":"https:\/\/www.andreas-edler.de\/blog\/wp-json\/wp\/v2\/comments?post=6026"}],"version-history":[{"count":0,"href":"https:\/\/www.andreas-edler.de\/blog\/wp-json\/wp\/v2\/posts\/6026\/revisions"}],"wp:attachment":[{"href":"https:\/\/www.andreas-edler.de\/blog\/wp-json\/wp\/v2\/media?parent=6026"}],"wp:term":[{"taxonomy":"category","embeddable":true,"href":"https:\/\/www.andreas-edler.de\/blog\/wp-json\/wp\/v2\/categories?post=6026"},{"taxonomy":"post_tag","embeddable":true,"href":"https:\/\/www.andreas-edler.de\/blog\/wp-json\/wp\/v2\/tags?post=6026"}],"curies":[{"name":"wp","href":"https:\/\/api.w.org\/{rel}","templated":true}]}}