{"id":6025,"date":"2008-02-28T07:19:00","date_gmt":"2008-02-28T06:19:00","guid":{"rendered":"http:\/\/www.andreas-edler.de\/blog\/2008\/02\/alte-leier-radwege\/"},"modified":"2012-12-08T17:47:31","modified_gmt":"2012-12-08T16:47:31","slug":"alte-leier-radwege","status":"publish","type":"post","link":"https:\/\/www.andreas-edler.de\/blog\/2008\/02\/alte-leier-radwege\/","title":{"rendered":"alte Leier: Radwege"},"content":{"rendered":"<div class=\"bild\"><img decoding=\"async\" src=\"http:\/\/www.andreas-edler.de\/grafik\/blog_2008\/20080228_radweg_1.jpg\" width=\"250\" border=\"0\" alt=\"\"><\/p>\n<p><img decoding=\"async\" src=\"http:\/\/www.andreas-edler.de\/grafik\/blog_2008\/20080228_radweg_2.jpg\" width=\"250\" border=\"0\" alt=\"\"><\/div>\n<p> Heute geht es in Bad Oeynhausen um &#8222;Fahrradfreundlichkeit&#8220;. Ein runder Tisch zum Thema soll den Status und zu ergreifende Ma\u00dfnahmen kl\u00e4ren, um das Pr\u00e4dikat vielleicht zu erhalten.<\/p>\n<p>Ich bin mal gespannt, was dabei herauskommt. Im Moment sind wir von nicht vielen Dingen weiter entfernt, als von einer Freundlichkeit gegen\u00fcber Radfahren. Die zeigt sich bisher ausschlie\u00dflich dadurch, dass von den Planern in zwei Richtungen benutzpflichtig ausgeschilderte gemeinsame Geh- und Radwege innerhalb der Stadtgrenzen gebaut werden. Inwieweit dann genutzt werden &#8230; naja. Es f\u00e4hrt ja keiner Rad. <\/p>\n<p>Die Gef\u00e4hrlichkeit solcher Konstruktionen zeigt nat\u00fcrlich der Polizeipressebericht:<br \/><cite><b><a href=\"http:\/\/www.presseportal.de\/polizeipresse\/pm\/43553\/1143761\/polizei_minden_luebbecke\"> 27.02.2008 | 11:12 Uhr &#8211; Fahrradfahrerin leicht verletzt<\/a><\/b><br \/>&#8230; Ein 42-j\u00e4hriger Mann bog von einer Ausfahrt in Richtung Birne ab und stie\u00df dabei gegen die Frau, die auf dem linken Radweg in Richtung Fasanenstra\u00dfe unterwegs war &#8230;<\/cite> Ich vermisse in der Notiz schmerzlich den Hinweis auf die \u00fcberraschend tief stehende Sonne!<\/p>\n<p>Trotzdem bin ich gestern eine kleine Runde gefahren ;-) Ist zwar eisekalt gewesen, aber sch\u00f6n frisch. Bis L\u00f6hne und zur\u00fcck. Auf der Werster Stra\u00dfe merkt man immer besonders, wie freundlich alle zu Radfahrern sind *g*<\/p>\n<p>17 Km | 26 Km\/h Schnitt | 36 Km\/h max. | 60 H\u00f6henmeter<\/p>\n","protected":false},"excerpt":{"rendered":"<p>Heute geht es in Bad Oeynhausen um &#8222;Fahrradfreundlichkeit&#8220;. Ein runder Tisch zum Thema soll den Status und zu ergreifende Ma\u00dfnahmen kl\u00e4ren, um das Pr\u00e4dikat vielleicht zu erhalten. Ich bin mal gespannt, was dabei herauskommt. Im Moment sind wir von nicht &hellip;<\/p>\n<p class=\"read-more\"> <a class=\"more-link\" href=\"https:\/\/www.andreas-edler.de\/blog\/2008\/02\/alte-leier-radwege\/\"> <span class=\"screen-reader-text\">alte Leier: Radwege<\/span> Weiterlesen &raquo;<\/a><\/p>\n","protected":false},"author":1,"featured_media":0,"comment_status":"open","ping_status":"open","sticky":false,"template":"","format":"standard","meta":{"ngg_post_thumbnail":0,"activitypub_content_warning":"","activitypub_content_visibility":"","activitypub_max_image_attachments":2,"activitypub_interaction_policy_quote":"anyone","activitypub_status":"","footnotes":""},"categories":[14,15,13],"tags":[],"class_list":["post-6025","post","type-post","status-publish","format-standard","hentry","category-bad-oeynhausen","category-fahrrad","category-verkehr"],"share_on_mastodon":{"url":"","error":""},"_links":{"self":[{"href":"https:\/\/www.andreas-edler.de\/blog\/wp-json\/wp\/v2\/posts\/6025","targetHints":{"allow":["GET"]}}],"collection":[{"href":"https:\/\/www.andreas-edler.de\/blog\/wp-json\/wp\/v2\/posts"}],"about":[{"href":"https:\/\/www.andreas-edler.de\/blog\/wp-json\/wp\/v2\/types\/post"}],"author":[{"embeddable":true,"href":"https:\/\/www.andreas-edler.de\/blog\/wp-json\/wp\/v2\/users\/1"}],"replies":[{"embeddable":true,"href":"https:\/\/www.andreas-edler.de\/blog\/wp-json\/wp\/v2\/comments?post=6025"}],"version-history":[{"count":0,"href":"https:\/\/www.andreas-edler.de\/blog\/wp-json\/wp\/v2\/posts\/6025\/revisions"}],"wp:attachment":[{"href":"https:\/\/www.andreas-edler.de\/blog\/wp-json\/wp\/v2\/media?parent=6025"}],"wp:term":[{"taxonomy":"category","embeddable":true,"href":"https:\/\/www.andreas-edler.de\/blog\/wp-json\/wp\/v2\/categories?post=6025"},{"taxonomy":"post_tag","embeddable":true,"href":"https:\/\/www.andreas-edler.de\/blog\/wp-json\/wp\/v2\/tags?post=6025"}],"curies":[{"name":"wp","href":"https:\/\/api.w.org\/{rel}","templated":true}]}}