{"id":6023,"date":"2008-02-27T19:35:00","date_gmt":"2008-02-27T18:35:00","guid":{"rendered":"http:\/\/www.andreas-edler.de\/blog\/2008\/02\/dhl-merkts-nicht\/"},"modified":"2008-02-27T19:35:00","modified_gmt":"2008-02-27T18:35:00","slug":"dhl-merkts-nicht","status":"publish","type":"post","link":"https:\/\/www.andreas-edler.de\/blog\/2008\/02\/dhl-merkts-nicht\/","title":{"rendered":"DHL merkt&#8217;s nicht"},"content":{"rendered":"<p>Seit \u00fcber einer Woche versuchen wir eine <a href=\"http:\/\/www.andreas-edler.de\/2008\/02\/sitztruhe.php\">Sitztruhe<\/a> zur\u00fcckzugeben. Der H\u00e4ndler hatte uns zugesagt, das M\u00f6bel umgehend abholen zu lassen. Sehr freundlich, sehr unkompliziert. Und tats\u00e4chlich war am \u00fcbern\u00e4chsten Tag auch schon jemand von DHL da, um das Paket einzupacken. Nur wir leider nicht. Nicht weiter verwunderlich, gibt es doch f\u00fcr viele Menschen die M\u00f6glichkeit sich ihren Lebensunterhalt tags\u00fcber zu verdienen. So wie es der DHL-Mensch auch tut.<\/p>\n<p>Hat er also eine Karte da gelassen, dass er da war und wir nicht &#8211; obwohl er Versender uns versichert hat, er w\u00fcrde einen Anruf veranlassen kurz bevor der Paketdienst bei uns ist. Wir brauchen maximal 20 Minuten bis wir zu Hause sind, wenn&#8217;s schlecht l\u00e4uft. Hat aber nicht angerufen, der Paketdienst. Auch nicht, als er das zweite Mal da war und wir nicht. Und nat\u00fcrlich hat der Versender uns nochmal versichert, dass der Paketdienst vorher anruft. Hat er aber heute auch wieder nicht gemacht.<\/p>\n<p>Es sind ja doch oft die gleichen Leute, die die gleichen Strecken fahren &#8230; gibt es da nicht sowas wie einen Lernprozess? Soll ich mir eine Woche Urlaub nehmen, weil irgendwann vielleicht mal jemand vorbei kommt und ein Paket abholt? Was ist an dem Telefonat so schwierig? Soviel wird er nicht telefonieren m\u00fcssen, weil der Gro\u00dfteil wohl eher Auslieferungen sind, die nicht avisiert werden.<\/p>\n<p>Morgen frage ich bei der Post, ob ich das gro\u00dfe Paket einfach dort abkippen kann. Dem H\u00e4ndler ist&#8217;s Recht, den habe ich schon gefragt &#8230;<\/p>\n<p style=\"text-align:center;\"><img decoding=\"async\" src=\"http:\/\/www.andreas-edler.de\/grafik\/blog_2008\/20080227_dhl_karte.gif\" width=\"470\" border=\"0\" alt=\"\"><\/p>\n","protected":false},"excerpt":{"rendered":"<p>Seit \u00fcber einer Woche versuchen wir eine Sitztruhe zur\u00fcckzugeben. Der H\u00e4ndler hatte uns zugesagt, das M\u00f6bel umgehend abholen zu lassen. Sehr freundlich, sehr unkompliziert. Und tats\u00e4chlich war am \u00fcbern\u00e4chsten Tag auch schon jemand von DHL da, um das Paket einzupacken. &hellip;<\/p>\n<p class=\"read-more\"> <a class=\"more-link\" href=\"https:\/\/www.andreas-edler.de\/blog\/2008\/02\/dhl-merkts-nicht\/\"> <span class=\"screen-reader-text\">DHL merkt&#8217;s nicht<\/span> Weiterlesen &raquo;<\/a><\/p>\n","protected":false},"author":1,"featured_media":0,"comment_status":"open","ping_status":"open","sticky":false,"template":"","format":"standard","meta":{"ngg_post_thumbnail":0,"activitypub_content_warning":"","activitypub_content_visibility":"","activitypub_max_image_attachments":2,"activitypub_interaction_policy_quote":"anyone","activitypub_status":"","footnotes":""},"categories":[18],"tags":[33],"class_list":["post-6023","post","type-post","status-publish","format-standard","hentry","category-fraglich","tag-service"],"share_on_mastodon":{"url":"","error":""},"_links":{"self":[{"href":"https:\/\/www.andreas-edler.de\/blog\/wp-json\/wp\/v2\/posts\/6023","targetHints":{"allow":["GET"]}}],"collection":[{"href":"https:\/\/www.andreas-edler.de\/blog\/wp-json\/wp\/v2\/posts"}],"about":[{"href":"https:\/\/www.andreas-edler.de\/blog\/wp-json\/wp\/v2\/types\/post"}],"author":[{"embeddable":true,"href":"https:\/\/www.andreas-edler.de\/blog\/wp-json\/wp\/v2\/users\/1"}],"replies":[{"embeddable":true,"href":"https:\/\/www.andreas-edler.de\/blog\/wp-json\/wp\/v2\/comments?post=6023"}],"version-history":[{"count":0,"href":"https:\/\/www.andreas-edler.de\/blog\/wp-json\/wp\/v2\/posts\/6023\/revisions"}],"wp:attachment":[{"href":"https:\/\/www.andreas-edler.de\/blog\/wp-json\/wp\/v2\/media?parent=6023"}],"wp:term":[{"taxonomy":"category","embeddable":true,"href":"https:\/\/www.andreas-edler.de\/blog\/wp-json\/wp\/v2\/categories?post=6023"},{"taxonomy":"post_tag","embeddable":true,"href":"https:\/\/www.andreas-edler.de\/blog\/wp-json\/wp\/v2\/tags?post=6023"}],"curies":[{"name":"wp","href":"https:\/\/api.w.org\/{rel}","templated":true}]}}