{"id":5969,"date":"2008-02-01T16:41:00","date_gmt":"2008-02-01T15:41:00","guid":{"rendered":"http:\/\/www.andreas-edler.de\/blog\/2008\/02\/erkaltung\/"},"modified":"2013-11-02T15:18:23","modified_gmt":"2013-11-02T14:18:23","slug":"erkaltung","status":"publish","type":"post","link":"https:\/\/www.andreas-edler.de\/blog\/2008\/02\/erkaltung\/","title":{"rendered":"Erk\u00e4ltung"},"content":{"rendered":"<p>Klar! Wochenende ist eingel\u00e4utet, ich habe Halsschmerzen und die Nase l\u00e4uft. Warum sollte es anders sein?<\/p>\n","protected":false},"excerpt":{"rendered":"<p>Klar! Wochenende ist eingel\u00e4utet, ich habe Halsschmerzen und die Nase l\u00e4uft. Warum sollte es anders sein?<\/p>\n","protected":false},"author":1,"featured_media":0,"comment_status":"open","ping_status":"open","sticky":false,"template":"","format":"standard","meta":{"ngg_post_thumbnail":0,"activitypub_content_warning":"","activitypub_content_visibility":"","activitypub_max_image_attachments":2,"activitypub_interaction_policy_quote":"anyone","activitypub_status":"","footnotes":""},"categories":[1],"tags":[7],"class_list":["post-5969","post","type-post","status-publish","format-standard","hentry","category-allgemein","tag-gesundheit"],"share_on_mastodon":{"url":"","error":""},"_links":{"self":[{"href":"https:\/\/www.andreas-edler.de\/blog\/wp-json\/wp\/v2\/posts\/5969","targetHints":{"allow":["GET"]}}],"collection":[{"href":"https:\/\/www.andreas-edler.de\/blog\/wp-json\/wp\/v2\/posts"}],"about":[{"href":"https:\/\/www.andreas-edler.de\/blog\/wp-json\/wp\/v2\/types\/post"}],"author":[{"embeddable":true,"href":"https:\/\/www.andreas-edler.de\/blog\/wp-json\/wp\/v2\/users\/1"}],"replies":[{"embeddable":true,"href":"https:\/\/www.andreas-edler.de\/blog\/wp-json\/wp\/v2\/comments?post=5969"}],"version-history":[{"count":0,"href":"https:\/\/www.andreas-edler.de\/blog\/wp-json\/wp\/v2\/posts\/5969\/revisions"}],"wp:attachment":[{"href":"https:\/\/www.andreas-edler.de\/blog\/wp-json\/wp\/v2\/media?parent=5969"}],"wp:term":[{"taxonomy":"category","embeddable":true,"href":"https:\/\/www.andreas-edler.de\/blog\/wp-json\/wp\/v2\/categories?post=5969"},{"taxonomy":"post_tag","embeddable":true,"href":"https:\/\/www.andreas-edler.de\/blog\/wp-json\/wp\/v2\/tags?post=5969"}],"curies":[{"name":"wp","href":"https:\/\/api.w.org\/{rel}","templated":true}]}}