{"id":5961,"date":"2008-01-26T12:31:00","date_gmt":"2008-01-26T11:31:00","guid":{"rendered":"http:\/\/www.andreas-edler.de\/blog\/2008\/01\/ich-bin-unsichtbar\/"},"modified":"2013-11-02T15:18:23","modified_gmt":"2013-11-02T14:18:23","slug":"ich-bin-unsichtbar","status":"publish","type":"post","link":"https:\/\/www.andreas-edler.de\/blog\/2008\/01\/ich-bin-unsichtbar\/","title":{"rendered":"Ich bin unsichtbar"},"content":{"rendered":"<p>Anders kann ich mir nicht erkl\u00e4ren, dass wirklich jeder Hansel im winterschlu\u00dfverk\u00e4uflich \u00fcberf\u00fcllten Konsumtempel an der Werre in mich herein l\u00e4uft. Und ich bin schon ziemlich zur\u00fcckhaltend und vorausschauend, versuche Kinderwagenmuttis und jugendlichen Geltr\u00e4gergruppen weitr\u00e4umig auszuweichen. Und nicht eine(r) h\u00e4lt es f\u00fcr n\u00f6tig, dann wenigstens &#8222;Entschuldigung&#8220; zu murmeln, wenn mir ein Einkaufswagen in die Achillessehne gerammt oder eine halbe Pommes am Pulli h\u00e4ngen bleibt. Benehmen ist echt Gl\u00fcckssache.<\/p>\n","protected":false},"excerpt":{"rendered":"<p>Anders kann ich mir nicht erkl\u00e4ren, dass wirklich jeder Hansel im winterschlu\u00dfverk\u00e4uflich \u00fcberf\u00fcllten Konsumtempel an der Werre in mich herein l\u00e4uft. Und ich bin schon ziemlich zur\u00fcckhaltend und vorausschauend, versuche Kinderwagenmuttis und jugendlichen Geltr\u00e4gergruppen weitr\u00e4umig auszuweichen. Und nicht eine(r) h\u00e4lt &hellip;<\/p>\n<p class=\"read-more\"> <a class=\"more-link\" href=\"https:\/\/www.andreas-edler.de\/blog\/2008\/01\/ich-bin-unsichtbar\/\"> <span class=\"screen-reader-text\">Ich bin unsichtbar<\/span> Weiterlesen &raquo;<\/a><\/p>\n","protected":false},"author":1,"featured_media":0,"comment_status":"open","ping_status":"open","sticky":false,"template":"","format":"standard","meta":{"ngg_post_thumbnail":0,"activitypub_content_warning":"","activitypub_content_visibility":"","activitypub_max_image_attachments":2,"activitypub_interaction_policy_quote":"anyone","activitypub_status":"","footnotes":""},"categories":[1],"tags":[63,19,5],"class_list":["post-5961","post","type-post","status-publish","format-standard","hentry","category-allgemein","tag-benehmen","tag-tagesgeschehen","tag-unterwegs"],"share_on_mastodon":{"url":"","error":""},"_links":{"self":[{"href":"https:\/\/www.andreas-edler.de\/blog\/wp-json\/wp\/v2\/posts\/5961","targetHints":{"allow":["GET"]}}],"collection":[{"href":"https:\/\/www.andreas-edler.de\/blog\/wp-json\/wp\/v2\/posts"}],"about":[{"href":"https:\/\/www.andreas-edler.de\/blog\/wp-json\/wp\/v2\/types\/post"}],"author":[{"embeddable":true,"href":"https:\/\/www.andreas-edler.de\/blog\/wp-json\/wp\/v2\/users\/1"}],"replies":[{"embeddable":true,"href":"https:\/\/www.andreas-edler.de\/blog\/wp-json\/wp\/v2\/comments?post=5961"}],"version-history":[{"count":0,"href":"https:\/\/www.andreas-edler.de\/blog\/wp-json\/wp\/v2\/posts\/5961\/revisions"}],"wp:attachment":[{"href":"https:\/\/www.andreas-edler.de\/blog\/wp-json\/wp\/v2\/media?parent=5961"}],"wp:term":[{"taxonomy":"category","embeddable":true,"href":"https:\/\/www.andreas-edler.de\/blog\/wp-json\/wp\/v2\/categories?post=5961"},{"taxonomy":"post_tag","embeddable":true,"href":"https:\/\/www.andreas-edler.de\/blog\/wp-json\/wp\/v2\/tags?post=5961"}],"curies":[{"name":"wp","href":"https:\/\/api.w.org\/{rel}","templated":true}]}}