{"id":5952,"date":"2008-01-18T22:41:00","date_gmt":"2008-01-18T21:41:00","guid":{"rendered":"http:\/\/www.andreas-edler.de\/blog\/2008\/01\/my-faves\/"},"modified":"2013-11-02T15:18:24","modified_gmt":"2013-11-02T14:18:24","slug":"my-faves","status":"publish","type":"post","link":"https:\/\/www.andreas-edler.de\/blog\/2008\/01\/my-faves\/","title":{"rendered":"My Faves"},"content":{"rendered":"<p>Was mir derzeit im Werbeblock am meisten auf die Werbung geht, ist die bescheuerte T-Mobile Werbung f\u00fcr &#8222;My Faves&#8220;. Das geht schon beim unglaublich unf\u00e4hig gedenglischten Namen los. Wer hat den verbrochen  und warum? Kann man das nicht &#8222;Meine Freunde&#8220; nennen? Dann versteht es auch Oma 70, die daf\u00fcr eventuell sogar Verwendung hat. Der Spot hat nat\u00fcrlich auch eine Menge Fremdsch\u00e4mpotential. Eine so schlecht grinsende Zielgrupe habe ich selten gesehen. Ich bekomme jedesmal eine G\u00e4nsehaut auf dem R\u00fccken. Und das wird mir sogar noch im Kino kredenzt &#8230; ARGHHH!<\/p>\n","protected":false},"excerpt":{"rendered":"<p>Was mir derzeit im Werbeblock am meisten auf die Werbung geht, ist die bescheuerte T-Mobile Werbung f\u00fcr &#8222;My Faves&#8220;. Das geht schon beim unglaublich unf\u00e4hig gedenglischten Namen los. Wer hat den verbrochen und warum? Kann man das nicht &#8222;Meine Freunde&#8220; &hellip;<\/p>\n<p class=\"read-more\"> <a class=\"more-link\" href=\"https:\/\/www.andreas-edler.de\/blog\/2008\/01\/my-faves\/\"> <span class=\"screen-reader-text\">My Faves<\/span> Weiterlesen &raquo;<\/a><\/p>\n","protected":false},"author":1,"featured_media":0,"comment_status":"open","ping_status":"open","sticky":false,"template":"","format":"standard","meta":{"ngg_post_thumbnail":0,"activitypub_content_warning":"","activitypub_content_visibility":"","activitypub_max_image_attachments":2,"activitypub_interaction_policy_quote":"anyone","activitypub_status":"","footnotes":""},"categories":[1],"tags":[12,223,23],"class_list":["post-5952","post","type-post","status-publish","format-standard","hentry","category-allgemein","tag-fernsehen","tag-werbung","tag-medien"],"share_on_mastodon":{"url":"","error":""},"_links":{"self":[{"href":"https:\/\/www.andreas-edler.de\/blog\/wp-json\/wp\/v2\/posts\/5952","targetHints":{"allow":["GET"]}}],"collection":[{"href":"https:\/\/www.andreas-edler.de\/blog\/wp-json\/wp\/v2\/posts"}],"about":[{"href":"https:\/\/www.andreas-edler.de\/blog\/wp-json\/wp\/v2\/types\/post"}],"author":[{"embeddable":true,"href":"https:\/\/www.andreas-edler.de\/blog\/wp-json\/wp\/v2\/users\/1"}],"replies":[{"embeddable":true,"href":"https:\/\/www.andreas-edler.de\/blog\/wp-json\/wp\/v2\/comments?post=5952"}],"version-history":[{"count":0,"href":"https:\/\/www.andreas-edler.de\/blog\/wp-json\/wp\/v2\/posts\/5952\/revisions"}],"wp:attachment":[{"href":"https:\/\/www.andreas-edler.de\/blog\/wp-json\/wp\/v2\/media?parent=5952"}],"wp:term":[{"taxonomy":"category","embeddable":true,"href":"https:\/\/www.andreas-edler.de\/blog\/wp-json\/wp\/v2\/categories?post=5952"},{"taxonomy":"post_tag","embeddable":true,"href":"https:\/\/www.andreas-edler.de\/blog\/wp-json\/wp\/v2\/tags?post=5952"}],"curies":[{"name":"wp","href":"https:\/\/api.w.org\/{rel}","templated":true}]}}