{"id":5940,"date":"2008-01-06T23:10:00","date_gmt":"2008-01-06T22:10:00","guid":{"rendered":"http:\/\/www.andreas-edler.de\/blog\/2008\/01\/verwunscht\/"},"modified":"2013-11-02T15:18:24","modified_gmt":"2013-11-02T14:18:24","slug":"verwunscht","status":"publish","type":"post","link":"https:\/\/www.andreas-edler.de\/blog\/2008\/01\/verwunscht\/","title":{"rendered":"Verw\u00fcnscht"},"content":{"rendered":"<div class=\"bild\"><img decoding=\"async\" src=\"http:\/\/www.filmfacts.de\/grafic\/jpeg\/verwuenscht_poster.jpg\" width=\"250\" border=\"0\" alt=\"\"><\/div>\n<p>gesehen: 20.12.2007 (Kinoplex &#8211; Bad Oeynhausen)<\/p>\n<p>Ich kann Filme mit singenden Tieren und Kaffeetassen nicht leiden. Ich kann eigentlich gar nicht leiden, wenn irgendjemand in einem Film singt. Ich mag auch keine Musicals. Aus dem Grund sind mir die allj\u00e4hrlichen Weihnachtsfilme aus dem Hause Disney auch ein besonderes Greuel. Umso erfreuter war ich, als ich das erste Mal einen Trailer zu &#8222;Verw\u00fcnscht&#8220; sah. Sobald einer der Protagonisten den Mund aufmachte um seine Stimme zu einem Liedlein zu erheben, gibt&#8217;s was auf die Nuss. Unglaublich, aber vielleicht nimmt sich Disney selbst ein wenig auf den Arm. Also Ticket gel\u00f6st &#8230;<\/p>\n<p><a href=\"http:\/\/www.filmfacts.de\/film\/kritiken\/verwuenscht.php\">Die ganze Wahrheit \u00fcber diesen Kitsch auf filmfacts.de &#8230;<\/a><\/p>\n<p>Hier kann man wirklich von einem ganz gewaltigen Fall von falscher Erwartungshaltung sprechen. Der Trailer hat mich ganz eindeutig auf die falsche F\u00e4hrte gelockt. Ich dachte ich bek\u00e4me ein wenig Ironie und Zynismus, aber es war nur der altbekannte Zuckergu\u00df mit gr\u00f6\u00dftm\u00f6glicher Einf\u00e4ltigkeit und v\u00f6llig ohne neue Ideen. Ein sehr, sehr \u00e4rgerlicher Kinobesuch!<\/p>\n","protected":false},"excerpt":{"rendered":"<p>gesehen: 20.12.2007 (Kinoplex &#8211; Bad Oeynhausen) Ich kann Filme mit singenden Tieren und Kaffeetassen nicht leiden. Ich kann eigentlich gar nicht leiden, wenn irgendjemand in einem Film singt. Ich mag auch keine Musicals. Aus dem Grund sind mir die allj\u00e4hrlichen &hellip;<\/p>\n<p class=\"read-more\"> <a class=\"more-link\" href=\"https:\/\/www.andreas-edler.de\/blog\/2008\/01\/verwunscht\/\"> <span class=\"screen-reader-text\">Verw\u00fcnscht<\/span> Weiterlesen &raquo;<\/a><\/p>\n","protected":false},"author":1,"featured_media":0,"comment_status":"open","ping_status":"open","sticky":false,"template":"","format":"standard","meta":{"ngg_post_thumbnail":0,"activitypub_content_warning":"","activitypub_content_visibility":"","activitypub_max_image_attachments":2,"activitypub_interaction_policy_quote":"anyone","activitypub_status":"","footnotes":""},"categories":[1],"tags":[11,9],"class_list":["post-5940","post","type-post","status-publish","format-standard","hentry","category-allgemein","tag-film","tag-kino"],"share_on_mastodon":{"url":"","error":""},"_links":{"self":[{"href":"https:\/\/www.andreas-edler.de\/blog\/wp-json\/wp\/v2\/posts\/5940","targetHints":{"allow":["GET"]}}],"collection":[{"href":"https:\/\/www.andreas-edler.de\/blog\/wp-json\/wp\/v2\/posts"}],"about":[{"href":"https:\/\/www.andreas-edler.de\/blog\/wp-json\/wp\/v2\/types\/post"}],"author":[{"embeddable":true,"href":"https:\/\/www.andreas-edler.de\/blog\/wp-json\/wp\/v2\/users\/1"}],"replies":[{"embeddable":true,"href":"https:\/\/www.andreas-edler.de\/blog\/wp-json\/wp\/v2\/comments?post=5940"}],"version-history":[{"count":0,"href":"https:\/\/www.andreas-edler.de\/blog\/wp-json\/wp\/v2\/posts\/5940\/revisions"}],"wp:attachment":[{"href":"https:\/\/www.andreas-edler.de\/blog\/wp-json\/wp\/v2\/media?parent=5940"}],"wp:term":[{"taxonomy":"category","embeddable":true,"href":"https:\/\/www.andreas-edler.de\/blog\/wp-json\/wp\/v2\/categories?post=5940"},{"taxonomy":"post_tag","embeddable":true,"href":"https:\/\/www.andreas-edler.de\/blog\/wp-json\/wp\/v2\/tags?post=5940"}],"curies":[{"name":"wp","href":"https:\/\/api.w.org\/{rel}","templated":true}]}}