{"id":5929,"date":"2007-12-31T19:32:00","date_gmt":"2007-12-31T18:32:00","guid":{"rendered":"http:\/\/www.andreas-edler.de\/blog\/2007\/12\/resteboxen\/"},"modified":"2007-12-31T19:32:00","modified_gmt":"2007-12-31T18:32:00","slug":"resteboxen","status":"publish","type":"post","link":"https:\/\/www.andreas-edler.de\/blog\/2007\/12\/resteboxen\/","title":{"rendered":"Resteboxen"},"content":{"rendered":"<div class=\"bild\"><img decoding=\"async\" src=\"http:\/\/www.andreas-edler.de\/grafik\/blog_2007\/20071231_resteboxen.jpg\" width=\"250\" border=\"0\" alt=\"\"><\/div>\n<p>Nachdem ich ab Mittag wieder halbwegs geradeaus gucken konnte, bin ich in den Keller gegangen und habe an den Resteb\u00f6xchen weiter gebastelt. Abgeschliffen und gespachtelt. Und ich mu\u00dfte einiges Schleifen, weil ich mit einer Handkreiss\u00e4ge aus dem Baumarkt keine absolut gleichen Bretter hinbekommen habe. Jetzt geht&#8217;s aber halbwegs. Die Fronten habe ich aber immer noch nicht gebastelt &#8230; bin voll schlapp.<\/p>\n<p>Jetzt auf&#8217;s Sofa &#8230;<\/p>\n","protected":false},"excerpt":{"rendered":"<p>Nachdem ich ab Mittag wieder halbwegs geradeaus gucken konnte, bin ich in den Keller gegangen und habe an den Resteb\u00f6xchen weiter gebastelt. Abgeschliffen und gespachtelt. Und ich mu\u00dfte einiges Schleifen, weil ich mit einer Handkreiss\u00e4ge aus dem Baumarkt keine absolut &hellip;<\/p>\n<p class=\"read-more\"> <a class=\"more-link\" href=\"https:\/\/www.andreas-edler.de\/blog\/2007\/12\/resteboxen\/\"> <span class=\"screen-reader-text\">Resteboxen<\/span> Weiterlesen &raquo;<\/a><\/p>\n","protected":false},"author":1,"featured_media":0,"comment_status":"open","ping_status":"open","sticky":false,"template":"","format":"standard","meta":{"ngg_post_thumbnail":0,"activitypub_content_warning":"","activitypub_content_visibility":"","activitypub_max_image_attachments":2,"activitypub_interaction_policy_quote":"anyone","activitypub_status":"","footnotes":""},"categories":[22],"tags":[29],"class_list":["post-5929","post","type-post","status-publish","format-standard","hentry","category-basteln","tag-musik"],"share_on_mastodon":{"url":"","error":""},"_links":{"self":[{"href":"https:\/\/www.andreas-edler.de\/blog\/wp-json\/wp\/v2\/posts\/5929","targetHints":{"allow":["GET"]}}],"collection":[{"href":"https:\/\/www.andreas-edler.de\/blog\/wp-json\/wp\/v2\/posts"}],"about":[{"href":"https:\/\/www.andreas-edler.de\/blog\/wp-json\/wp\/v2\/types\/post"}],"author":[{"embeddable":true,"href":"https:\/\/www.andreas-edler.de\/blog\/wp-json\/wp\/v2\/users\/1"}],"replies":[{"embeddable":true,"href":"https:\/\/www.andreas-edler.de\/blog\/wp-json\/wp\/v2\/comments?post=5929"}],"version-history":[{"count":0,"href":"https:\/\/www.andreas-edler.de\/blog\/wp-json\/wp\/v2\/posts\/5929\/revisions"}],"wp:attachment":[{"href":"https:\/\/www.andreas-edler.de\/blog\/wp-json\/wp\/v2\/media?parent=5929"}],"wp:term":[{"taxonomy":"category","embeddable":true,"href":"https:\/\/www.andreas-edler.de\/blog\/wp-json\/wp\/v2\/categories?post=5929"},{"taxonomy":"post_tag","embeddable":true,"href":"https:\/\/www.andreas-edler.de\/blog\/wp-json\/wp\/v2\/tags?post=5929"}],"curies":[{"name":"wp","href":"https:\/\/api.w.org\/{rel}","templated":true}]}}